{"id":18742,"date":"2020-04-23T06:50:33","date_gmt":"2020-04-23T06:50:33","guid":{"rendered":"http:\/\/www.bernhardherzog.com\/?p=18742"},"modified":"2022-05-24T04:16:43","modified_gmt":"2022-05-24T06:16:43","slug":"unsere-besten-foto-reisen-in-europa","status":"publish","type":"post","link":"https:\/\/bernhardherzog.com\/de\/unsere-besten-foto-reisen-in-europa\/","title":{"rendered":"Unsere 15 sch\u00f6nsten Foto-Reisen \ud83d\udcf8 in Europa \ud83c\uddea\ud83c\uddfa"},"content":{"rendered":"\n<p>Wir pr\u00e4sentieren euch heute unsere sch\u00f6nsten Foto-Reiseziele in Europa. In <a href=\"\/de\/top-10-foto-reisen-besten-reisekameras\/\">unserem Artikel \u00fcber globale Foto-Reiseziele<\/a> haben wir euch noch unsere sch\u00f6nsten Ziele gezeigt, die man mit kurzen Fl\u00fcgen erreichen kann. Allerdings will man in Zeiten von <strong>Klimaschutz <\/strong>vielleicht auf Flugreisen verzichten. Bzw. werden gerade durch den <strong>Corona-Virus <\/strong>wieder lokale Ziele beliebt. Wir hatten Zeit um unser Foto-Archiv durchzugehen. Es sind einige <strong>Geheimtipps <\/strong>dabei, auf \u00fcberlaufene Ziele wie Rom und Barcelona haben wir in unserer Auflistung verzichtet, die will man in Zeiten wie diesen sowieso meiden. Trotz der Jagd nach dem besten Foto war uns wichtig, die Reisen zu genie\u00dfen. Wir hoffen euch inspirieren zu k\u00f6nnen.<\/p>\n\n\n\n<!--more-->\n\n\n\n<h2 class=\"wp-block-heading\">Video<\/h2>\n\n\n\n<figure class=\"wp-block-embed is-type-video is-provider-youtube wp-block-embed-youtube wp-embed-aspect-16-9 wp-has-aspect-ratio\"><div class=\"wp-block-embed__wrapper\">\n<iframe loading=\"lazy\" title=\"Unsere 15 sch\u00f6nsten Foto-Reisen \ud83d\udcf8 in Europa \ud83c\uddea\ud83c\uddfa\" width=\"500\" height=\"281\" src=\"https:\/\/www.youtube.com\/embed\/MtmN4acj688?feature=oembed\" frameborder=\"0\" allow=\"accelerometer; autoplay; clipboard-write; encrypted-media; gyroscope; picture-in-picture; web-share\" referrerpolicy=\"strict-origin-when-cross-origin\" allowfullscreen><\/iframe>\n<\/div><\/figure>\n\n\n\n<h2 class=\"wp-block-heading\">15 Top-Ziele in Europa<\/h2>\n\n\n\n<p>Ihr findet im folgenden Reisen die wir zwischen 2015 und 2020 unternommen haben. Wir werden mit 2015 beginnen und uns chronologisch vorarbeiten. Wir werden immer dazusagen, welche <strong>Kameras <\/strong>wir verwendet haben. Es gibt eine Entwicklung von leichteren Kameras zu schwereren (und wahrscheinlich haben wir selber im Laufe der Zeit etwas Gewicht zugenommen). Aber hoffentlich sieht man auch, dass sich gleichzeitig die Qualit\u00e4t der Bilder verbessert hat, wenn man \u00e4lter wird sollte man ja auch etwas dazulernen. Ihr findet unser aktuelles Equipment am Ende verlinkt.<\/p>\n\n\n\n<figure data-wp-context=\"{&quot;imageId&quot;:&quot;69f50a8d4b26a&quot;}\" data-wp-interactive=\"core\/image\" data-wp-key=\"69f50a8d4b26a\" class=\"wp-block-image alignwide size-large wp-lightbox-container\"><img loading=\"lazy\" decoding=\"async\" width=\"1024\" height=\"576\" data-wp-class--hide=\"state.isContentHidden\" data-wp-class--show=\"state.isContentVisible\" data-wp-init=\"callbacks.setButtonStyles\" data-wp-on--click=\"actions.showLightbox\" data-wp-on--load=\"callbacks.setButtonStyles\" data-wp-on-window--resize=\"callbacks.setButtonStyles\" src=\"https:\/\/bernhardherzog.com\/de\/wp-content\/uploads\/sites\/2\/2022\/05\/map_zoom_3d_local-0-00-34-21-1024x576.jpg\" alt=\"\" class=\"wp-image-29346\" srcset=\"https:\/\/bernhardherzog.com\/de\/wp-content\/uploads\/sites\/2\/2022\/05\/map_zoom_3d_local-0-00-34-21-1024x576.jpg 1024w, https:\/\/bernhardherzog.com\/de\/wp-content\/uploads\/sites\/2\/2022\/05\/map_zoom_3d_local-0-00-34-21-300x169.jpg 300w, https:\/\/bernhardherzog.com\/de\/wp-content\/uploads\/sites\/2\/2022\/05\/map_zoom_3d_local-0-00-34-21-768x432.jpg 768w, https:\/\/bernhardherzog.com\/de\/wp-content\/uploads\/sites\/2\/2022\/05\/map_zoom_3d_local-0-00-34-21-1536x864.jpg 1536w, https:\/\/bernhardherzog.com\/de\/wp-content\/uploads\/sites\/2\/2022\/05\/map_zoom_3d_local-0-00-34-21.jpg 2048w\" sizes=\"auto, (max-width: 1024px) 100vw, 1024px\" \/><button\n\t\t\tclass=\"lightbox-trigger\"\n\t\t\ttype=\"button\"\n\t\t\taria-haspopup=\"dialog\"\n\t\t\taria-label=\"Vergr\u00f6\u00dfern\"\n\t\t\tdata-wp-init=\"callbacks.initTriggerButton\"\n\t\t\tdata-wp-on--click=\"actions.showLightbox\"\n\t\t\tdata-wp-style--right=\"state.imageButtonRight\"\n\t\t\tdata-wp-style--top=\"state.imageButtonTop\"\n\t\t>\n\t\t\t<svg xmlns=\"http:\/\/www.w3.org\/2000\/svg\" width=\"12\" height=\"12\" fill=\"none\" viewBox=\"0 0 12 12\">\n\t\t\t\t<path fill=\"#fff\" d=\"M2 0a2 2 0 0 0-2 2v2h1.5V2a.5.5 0 0 1 .5-.5h2V0H2Zm2 10.5H2a.5.5 0 0 1-.5-.5V8H0v2a2 2 0 0 0 2 2h2v-1.5ZM8 12v-1.5h2a.5.5 0 0 0 .5-.5V8H12v2a2 2 0 0 1-2 2H8Zm2-12a2 2 0 0 1 2 2v2h-1.5V2a.5.5 0 0 0-.5-.5H8V0h2Z\" \/>\n\t\t\t<\/svg>\n\t\t<\/button><\/figure>\n\n\n\n<h3 class=\"wp-block-heading\">1. M\u00fcnchen 03\/2015 (Flying Fox)<\/h3>\n\n\n\n<p>Ein Traum f\u00fcr uns als Fotografen war der <strong>Olympiapark<\/strong> bei M\u00fcnchen.<\/p>\n\n\n\n<figure data-wp-context=\"{&quot;imageId&quot;:&quot;69f50a8d4b88e&quot;}\" data-wp-interactive=\"core\/image\" data-wp-key=\"69f50a8d4b88e\" class=\"wp-block-image size-large wp-lightbox-container\"><img loading=\"lazy\" decoding=\"async\" width=\"1024\" height=\"577\" data-wp-class--hide=\"state.isContentHidden\" data-wp-class--show=\"state.isContentVisible\" data-wp-init=\"callbacks.setButtonStyles\" data-wp-on--click=\"actions.showLightbox\" data-wp-on--load=\"callbacks.setButtonStyles\" data-wp-on-window--resize=\"callbacks.setButtonStyles\" src=\"http:\/\/bernhardherzog.com\/wp-content\/uploads\/sites\/2\/2020\/04\/P1013017-scaled-1-1024x577.jpg\" alt=\"\" class=\"wp-image-18898\" srcset=\"https:\/\/bernhardherzog.com\/de\/wp-content\/uploads\/sites\/2\/2020\/04\/P1013017-scaled-1-1024x577.jpg 1024w, https:\/\/bernhardherzog.com\/de\/wp-content\/uploads\/sites\/2\/2020\/04\/P1013017-scaled-1-300x169.jpg 300w, https:\/\/bernhardherzog.com\/de\/wp-content\/uploads\/sites\/2\/2020\/04\/P1013017-scaled-1-768x433.jpg 768w, https:\/\/bernhardherzog.com\/de\/wp-content\/uploads\/sites\/2\/2020\/04\/P1013017-scaled-1-1536x866.jpg 1536w, https:\/\/bernhardherzog.com\/de\/wp-content\/uploads\/sites\/2\/2020\/04\/P1013017-scaled-1-2048x1154.jpg 2048w\" sizes=\"auto, (max-width: 1024px) 100vw, 1024px\" \/><button\n\t\t\tclass=\"lightbox-trigger\"\n\t\t\ttype=\"button\"\n\t\t\taria-haspopup=\"dialog\"\n\t\t\taria-label=\"Vergr\u00f6\u00dfern\"\n\t\t\tdata-wp-init=\"callbacks.initTriggerButton\"\n\t\t\tdata-wp-on--click=\"actions.showLightbox\"\n\t\t\tdata-wp-style--right=\"state.imageButtonRight\"\n\t\t\tdata-wp-style--top=\"state.imageButtonTop\"\n\t\t>\n\t\t\t<svg xmlns=\"http:\/\/www.w3.org\/2000\/svg\" width=\"12\" height=\"12\" fill=\"none\" viewBox=\"0 0 12 12\">\n\t\t\t\t<path fill=\"#fff\" d=\"M2 0a2 2 0 0 0-2 2v2h1.5V2a.5.5 0 0 1 .5-.5h2V0H2Zm2 10.5H2a.5.5 0 0 1-.5-.5V8H0v2a2 2 0 0 0 2 2h2v-1.5ZM8 12v-1.5h2a.5.5 0 0 0 .5-.5V8H12v2a2 2 0 0 1-2 2H8Zm2-12a2 2 0 0 1 2 2v2h-1.5V2a.5.5 0 0 0-.5-.5H8V0h2Z\" \/>\n\t\t\t<\/svg>\n\t\t<\/button><figcaption>Olympiapark M\u00fcnchen (1\/400 @ F9.0, ISO 200, 17mm, Olympus PEN E-PL1)<\/figcaption><\/figure>\n\n\n\n<p>Er wurde 1972 f\u00fcr die <strong>olympischen Sommerspiele <\/strong>erbaut.<\/p>\n\n\n\n<figure data-wp-context=\"{&quot;imageId&quot;:&quot;69f50a8d4bd89&quot;}\" data-wp-interactive=\"core\/image\" data-wp-key=\"69f50a8d4bd89\" class=\"wp-block-image size-large wp-lightbox-container\"><img decoding=\"async\" data-wp-class--hide=\"state.isContentHidden\" data-wp-class--show=\"state.isContentVisible\" data-wp-init=\"callbacks.setButtonStyles\" data-wp-on--click=\"actions.showLightbox\" data-wp-on--load=\"callbacks.setButtonStyles\" data-wp-on-window--resize=\"callbacks.setButtonStyles\" src=\"http:\/\/bernhardherzog.com\/wp-content\/uploads\/sites\/2\/2020\/04\/P7560098-1024x769.jpg\" alt=\"\" class=\"wp-image-18897\"\/><button\n\t\t\tclass=\"lightbox-trigger\"\n\t\t\ttype=\"button\"\n\t\t\taria-haspopup=\"dialog\"\n\t\t\taria-label=\"Vergr\u00f6\u00dfern\"\n\t\t\tdata-wp-init=\"callbacks.initTriggerButton\"\n\t\t\tdata-wp-on--click=\"actions.showLightbox\"\n\t\t\tdata-wp-style--right=\"state.imageButtonRight\"\n\t\t\tdata-wp-style--top=\"state.imageButtonTop\"\n\t\t>\n\t\t\t<svg xmlns=\"http:\/\/www.w3.org\/2000\/svg\" width=\"12\" height=\"12\" fill=\"none\" viewBox=\"0 0 12 12\">\n\t\t\t\t<path fill=\"#fff\" d=\"M2 0a2 2 0 0 0-2 2v2h1.5V2a.5.5 0 0 1 .5-.5h2V0H2Zm2 10.5H2a.5.5 0 0 1-.5-.5V8H0v2a2 2 0 0 0 2 2h2v-1.5ZM8 12v-1.5h2a.5.5 0 0 0 .5-.5V8H12v2a2 2 0 0 1-2 2H8Zm2-12a2 2 0 0 1 2 2v2h-1.5V2a.5.5 0 0 0-.5-.5H8V0h2Z\" \/>\n\t\t\t<\/svg>\n\t\t<\/button><figcaption>Olympiaturm (1\/320 @ F11.0, ISO 200, 12mm, Panasonic Lumix)<\/figcaption><\/figure>\n\n\n\n<p>Vom <strong>Olympiaturm <\/strong>hat man eine atemberaubende Aussicht auf das Areal.<\/p>\n\n\n\n<figure data-wp-context=\"{&quot;imageId&quot;:&quot;69f50a8d4c1c3&quot;}\" data-wp-interactive=\"core\/image\" data-wp-key=\"69f50a8d4c1c3\" class=\"wp-block-image size-large wp-lightbox-container\"><img decoding=\"async\" data-wp-class--hide=\"state.isContentHidden\" data-wp-class--show=\"state.isContentVisible\" data-wp-init=\"callbacks.setButtonStyles\" data-wp-on--click=\"actions.showLightbox\" data-wp-on--load=\"callbacks.setButtonStyles\" data-wp-on-window--resize=\"callbacks.setButtonStyles\" src=\"http:\/\/bernhardherzog.com\/wp-content\/uploads\/sites\/2\/2020\/04\/P7560291-1024x769.jpg\" alt=\"\" class=\"wp-image-18896\"\/><button\n\t\t\tclass=\"lightbox-trigger\"\n\t\t\ttype=\"button\"\n\t\t\taria-haspopup=\"dialog\"\n\t\t\taria-label=\"Vergr\u00f6\u00dfern\"\n\t\t\tdata-wp-init=\"callbacks.initTriggerButton\"\n\t\t\tdata-wp-on--click=\"actions.showLightbox\"\n\t\t\tdata-wp-style--right=\"state.imageButtonRight\"\n\t\t\tdata-wp-style--top=\"state.imageButtonTop\"\n\t\t>\n\t\t\t<svg xmlns=\"http:\/\/www.w3.org\/2000\/svg\" width=\"12\" height=\"12\" fill=\"none\" viewBox=\"0 0 12 12\">\n\t\t\t\t<path fill=\"#fff\" d=\"M2 0a2 2 0 0 0-2 2v2h1.5V2a.5.5 0 0 1 .5-.5h2V0H2Zm2 10.5H2a.5.5 0 0 1-.5-.5V8H0v2a2 2 0 0 0 2 2h2v-1.5ZM8 12v-1.5h2a.5.5 0 0 0 .5-.5V8H12v2a2 2 0 0 1-2 2H8Zm2-12a2 2 0 0 1 2 2v2h-1.5V2a.5.5 0 0 0-.5-.5H8V0h2Z\" \/>\n\t\t\t<\/svg>\n\t\t<\/button><figcaption>Olympiapark (1\/400 @ F8.0, ISO 200, 12mm, Panasonic Lumix)<\/figcaption><\/figure>\n\n\n\n<p>Highlight ist das <strong>Olympiastadium<\/strong>, die orange Farbe des Platzes sticht heraus. Dieses Foto ist eine Panoramaaufnahme.<\/p>\n\n\n\n<figure data-wp-context=\"{&quot;imageId&quot;:&quot;69f50a8d4c668&quot;}\" data-wp-interactive=\"core\/image\" data-wp-key=\"69f50a8d4c668\" class=\"wp-block-image size-large wp-lightbox-container\"><img decoding=\"async\" data-wp-class--hide=\"state.isContentHidden\" data-wp-class--show=\"state.isContentVisible\" data-wp-init=\"callbacks.setButtonStyles\" data-wp-on--click=\"actions.showLightbox\" data-wp-on--load=\"callbacks.setButtonStyles\" data-wp-on-window--resize=\"callbacks.setButtonStyles\" src=\"http:\/\/bernhardherzog.com\/wp-content\/uploads\/sites\/2\/2020\/04\/P7560225-Pano-1024x447.jpg\" alt=\"\" class=\"wp-image-18895\"\/><button\n\t\t\tclass=\"lightbox-trigger\"\n\t\t\ttype=\"button\"\n\t\t\taria-haspopup=\"dialog\"\n\t\t\taria-label=\"Vergr\u00f6\u00dfern\"\n\t\t\tdata-wp-init=\"callbacks.initTriggerButton\"\n\t\t\tdata-wp-on--click=\"actions.showLightbox\"\n\t\t\tdata-wp-style--right=\"state.imageButtonRight\"\n\t\t\tdata-wp-style--top=\"state.imageButtonTop\"\n\t\t>\n\t\t\t<svg xmlns=\"http:\/\/www.w3.org\/2000\/svg\" width=\"12\" height=\"12\" fill=\"none\" viewBox=\"0 0 12 12\">\n\t\t\t\t<path fill=\"#fff\" d=\"M2 0a2 2 0 0 0-2 2v2h1.5V2a.5.5 0 0 1 .5-.5h2V0H2Zm2 10.5H2a.5.5 0 0 1-.5-.5V8H0v2a2 2 0 0 0 2 2h2v-1.5ZM8 12v-1.5h2a.5.5 0 0 0 .5-.5V8H12v2a2 2 0 0 1-2 2H8Zm2-12a2 2 0 0 1 2 2v2h-1.5V2a.5.5 0 0 0-.5-.5H8V0h2Z\" \/>\n\t\t\t<\/svg>\n\t\t<\/button><figcaption>Olympiastadium (1\/800 @ F8.0, ISO 200, 12mm, Panasonic Lumix)<\/figcaption><\/figure>\n\n\n\n<p>Es gab einen <strong>Flying Fox <\/strong>der quer \u00fcber das Stadium gespannt war. F\u00fcr das Video mit Patricia haben wir gleich 2 <strong>GoPro-Kameras <\/strong>verwendet, eine am Selfie-Stick und eine am Helm.<\/p>\n\n\n\n<figure data-wp-context=\"{&quot;imageId&quot;:&quot;69f50a8d4cad8&quot;}\" data-wp-interactive=\"core\/image\" data-wp-key=\"69f50a8d4cad8\" class=\"wp-block-image size-large wp-lightbox-container\"><img decoding=\"async\" data-wp-class--hide=\"state.isContentHidden\" data-wp-class--show=\"state.isContentVisible\" data-wp-init=\"callbacks.setButtonStyles\" data-wp-on--click=\"actions.showLightbox\" data-wp-on--load=\"callbacks.setButtonStyles\" data-wp-on-window--resize=\"callbacks.setButtonStyles\" src=\"http:\/\/bernhardherzog.com\/wp-content\/uploads\/sites\/2\/2020\/04\/P7560178-1024x769.jpg\" alt=\"\" class=\"wp-image-18894\"\/><button\n\t\t\tclass=\"lightbox-trigger\"\n\t\t\ttype=\"button\"\n\t\t\taria-haspopup=\"dialog\"\n\t\t\taria-label=\"Vergr\u00f6\u00dfern\"\n\t\t\tdata-wp-init=\"callbacks.initTriggerButton\"\n\t\t\tdata-wp-on--click=\"actions.showLightbox\"\n\t\t\tdata-wp-style--right=\"state.imageButtonRight\"\n\t\t\tdata-wp-style--top=\"state.imageButtonTop\"\n\t\t>\n\t\t\t<svg xmlns=\"http:\/\/www.w3.org\/2000\/svg\" width=\"12\" height=\"12\" fill=\"none\" viewBox=\"0 0 12 12\">\n\t\t\t\t<path fill=\"#fff\" d=\"M2 0a2 2 0 0 0-2 2v2h1.5V2a.5.5 0 0 1 .5-.5h2V0H2Zm2 10.5H2a.5.5 0 0 1-.5-.5V8H0v2a2 2 0 0 0 2 2h2v-1.5ZM8 12v-1.5h2a.5.5 0 0 0 .5-.5V8H12v2a2 2 0 0 1-2 2H8Zm2-12a2 2 0 0 1 2 2v2h-1.5V2a.5.5 0 0 0-.5-.5H8V0h2Z\" \/>\n\t\t\t<\/svg>\n\t\t<\/button><figcaption>Flying Fox (1\/320 @ F8.0, ISO 200, 32mm, Panasonic Lumix)<\/figcaption><\/figure>\n\n\n\n<p>Ich wundere mich, ob so etwas heute noch jemand erlauben w\u00fcrde.<\/p>\n\n\n\n<figure class=\"wp-block-embed is-type-video is-provider-youtube wp-block-embed-youtube wp-embed-aspect-16-9 wp-has-aspect-ratio\"><div class=\"wp-block-embed__wrapper\">\n<iframe loading=\"lazy\" title=\"The Flying Fox Girl - M\u00fcnchen Olympiastadium\" width=\"500\" height=\"281\" src=\"https:\/\/www.youtube.com\/embed\/69UeEWHme8o?feature=oembed\" frameborder=\"0\" allow=\"accelerometer; autoplay; clipboard-write; encrypted-media; gyroscope; picture-in-picture; web-share\" referrerpolicy=\"strict-origin-when-cross-origin\" allowfullscreen><\/iframe>\n<\/div><\/figure>\n\n\n\n<h3 class=\"wp-block-heading\">2. Mikulov 06\/06\/2015 (Radtour)<\/h3>\n\n\n\n<p>Im Grenzgebiet zwischen \u00d6sterreich und Tschechien gibt es eine paar sehr malerische Orte, dazu z\u00e4hlen <strong>Valtice <\/strong>und <strong>Mikulov<\/strong>.<\/p>\n\n\n\n<figure data-wp-context=\"{&quot;imageId&quot;:&quot;69f50a8d4d042&quot;}\" data-wp-interactive=\"core\/image\" data-wp-key=\"69f50a8d4d042\" class=\"wp-block-image size-large wp-lightbox-container\"><img decoding=\"async\" data-wp-class--hide=\"state.isContentHidden\" data-wp-class--show=\"state.isContentVisible\" data-wp-init=\"callbacks.setButtonStyles\" data-wp-on--click=\"actions.showLightbox\" data-wp-on--load=\"callbacks.setButtonStyles\" data-wp-on-window--resize=\"callbacks.setButtonStyles\" src=\"http:\/\/bernhardherzog.com\/wp-content\/uploads\/sites\/2\/2020\/04\/P7590122-1024x769.jpg\" alt=\"\" class=\"wp-image-18902\"\/><button\n\t\t\tclass=\"lightbox-trigger\"\n\t\t\ttype=\"button\"\n\t\t\taria-haspopup=\"dialog\"\n\t\t\taria-label=\"Vergr\u00f6\u00dfern\"\n\t\t\tdata-wp-init=\"callbacks.initTriggerButton\"\n\t\t\tdata-wp-on--click=\"actions.showLightbox\"\n\t\t\tdata-wp-style--right=\"state.imageButtonRight\"\n\t\t\tdata-wp-style--top=\"state.imageButtonTop\"\n\t\t>\n\t\t\t<svg xmlns=\"http:\/\/www.w3.org\/2000\/svg\" width=\"12\" height=\"12\" fill=\"none\" viewBox=\"0 0 12 12\">\n\t\t\t\t<path fill=\"#fff\" d=\"M2 0a2 2 0 0 0-2 2v2h1.5V2a.5.5 0 0 1 .5-.5h2V0H2Zm2 10.5H2a.5.5 0 0 1-.5-.5V8H0v2a2 2 0 0 0 2 2h2v-1.5ZM8 12v-1.5h2a.5.5 0 0 0 .5-.5V8H12v2a2 2 0 0 1-2 2H8Zm2-12a2 2 0 0 1 2 2v2h-1.5V2a.5.5 0 0 0-.5-.5H8V0h2Z\" \/>\n\t\t\t<\/svg>\n\t\t<\/button><figcaption>Mikulov (1\/80 @ F6.3, ISO 200, 24mm, Panasonic Lumix)<\/figcaption><\/figure>\n\n\n\n<figure data-wp-context=\"{&quot;imageId&quot;:&quot;69f50a8d4d443&quot;}\" data-wp-interactive=\"core\/image\" data-wp-key=\"69f50a8d4d443\" class=\"wp-block-image size-large wp-lightbox-container\"><img decoding=\"async\" data-wp-class--hide=\"state.isContentHidden\" data-wp-class--show=\"state.isContentVisible\" data-wp-init=\"callbacks.setButtonStyles\" data-wp-on--click=\"actions.showLightbox\" data-wp-on--load=\"callbacks.setButtonStyles\" data-wp-on-window--resize=\"callbacks.setButtonStyles\" src=\"http:\/\/bernhardherzog.com\/wp-content\/uploads\/sites\/2\/2020\/04\/P1014050.jpg\" alt=\"\" class=\"wp-image-18900\"\/><button\n\t\t\tclass=\"lightbox-trigger\"\n\t\t\ttype=\"button\"\n\t\t\taria-haspopup=\"dialog\"\n\t\t\taria-label=\"Vergr\u00f6\u00dfern\"\n\t\t\tdata-wp-init=\"callbacks.initTriggerButton\"\n\t\t\tdata-wp-on--click=\"actions.showLightbox\"\n\t\t\tdata-wp-style--right=\"state.imageButtonRight\"\n\t\t\tdata-wp-style--top=\"state.imageButtonTop\"\n\t\t>\n\t\t\t<svg xmlns=\"http:\/\/www.w3.org\/2000\/svg\" width=\"12\" height=\"12\" fill=\"none\" viewBox=\"0 0 12 12\">\n\t\t\t\t<path fill=\"#fff\" d=\"M2 0a2 2 0 0 0-2 2v2h1.5V2a.5.5 0 0 1 .5-.5h2V0H2Zm2 10.5H2a.5.5 0 0 1-.5-.5V8H0v2a2 2 0 0 0 2 2h2v-1.5ZM8 12v-1.5h2a.5.5 0 0 0 .5-.5V8H12v2a2 2 0 0 1-2 2H8Zm2-12a2 2 0 0 1 2 2v2h-1.5V2a.5.5 0 0 0-.5-.5H8V0h2Z\" \/>\n\t\t\t<\/svg>\n\t\t<\/button><figcaption>Valtice (1\/500 @ F10.0, ISO 200, 17mm, Olympus PEN E-PL1)<\/figcaption><\/figure>\n\n\n\n<p>Die Gegend ist relativ flach und eignet sich daher ideal f\u00fcr eine <strong>Radtour<\/strong>. Trotzdem gibt es in der Landschaft \u00fcberraschend ein paar Felserhebungen verstreut.<\/p>\n\n\n\n<figure data-wp-context=\"{&quot;imageId&quot;:&quot;69f50a8d4dc29&quot;}\" data-wp-interactive=\"core\/image\" data-wp-key=\"69f50a8d4dc29\" class=\"wp-block-image size-large wp-lightbox-container\"><img decoding=\"async\" data-wp-class--hide=\"state.isContentHidden\" data-wp-class--show=\"state.isContentVisible\" data-wp-init=\"callbacks.setButtonStyles\" data-wp-on--click=\"actions.showLightbox\" data-wp-on--load=\"callbacks.setButtonStyles\" data-wp-on-window--resize=\"callbacks.setButtonStyles\" src=\"http:\/\/bernhardherzog.com\/wp-content\/uploads\/sites\/2\/2020\/04\/P7580955-1-1024x769.jpg\" alt=\"\" class=\"wp-image-19030\"\/><button\n\t\t\tclass=\"lightbox-trigger\"\n\t\t\ttype=\"button\"\n\t\t\taria-haspopup=\"dialog\"\n\t\t\taria-label=\"Vergr\u00f6\u00dfern\"\n\t\t\tdata-wp-init=\"callbacks.initTriggerButton\"\n\t\t\tdata-wp-on--click=\"actions.showLightbox\"\n\t\t\tdata-wp-style--right=\"state.imageButtonRight\"\n\t\t\tdata-wp-style--top=\"state.imageButtonTop\"\n\t\t>\n\t\t\t<svg xmlns=\"http:\/\/www.w3.org\/2000\/svg\" width=\"12\" height=\"12\" fill=\"none\" viewBox=\"0 0 12 12\">\n\t\t\t\t<path fill=\"#fff\" d=\"M2 0a2 2 0 0 0-2 2v2h1.5V2a.5.5 0 0 1 .5-.5h2V0H2Zm2 10.5H2a.5.5 0 0 1-.5-.5V8H0v2a2 2 0 0 0 2 2h2v-1.5ZM8 12v-1.5h2a.5.5 0 0 0 .5-.5V8H12v2a2 2 0 0 1-2 2H8Zm2-12a2 2 0 0 1 2 2v2h-1.5V2a.5.5 0 0 0-.5-.5H8V0h2Z\" \/>\n\t\t\t<\/svg>\n\t\t<\/button><figcaption>Gegend um Mikulov (1\/640 @ F9.0, ISO 200, 12mm, Panasonic Lumix)<\/figcaption><\/figure>\n\n\n\n<figure class=\"wp-block-embed is-type-video is-provider-youtube wp-block-embed-youtube wp-embed-aspect-16-9 wp-has-aspect-ratio\"><div class=\"wp-block-embed__wrapper\">\n<iframe loading=\"lazy\" title=\"Bicycle Trip South Moravia - Day 1\" width=\"500\" height=\"281\" src=\"https:\/\/www.youtube.com\/embed\/VxfI8VOrQiw?feature=oembed\" frameborder=\"0\" allow=\"accelerometer; autoplay; clipboard-write; encrypted-media; gyroscope; picture-in-picture; web-share\" referrerpolicy=\"strict-origin-when-cross-origin\" allowfullscreen><\/iframe>\n<\/div><\/figure>\n\n\n\n<figure class=\"wp-block-embed is-type-video is-provider-youtube wp-block-embed-youtube wp-embed-aspect-16-9 wp-has-aspect-ratio\"><div class=\"wp-block-embed__wrapper\">\n<iframe loading=\"lazy\" title=\"Bicycle Trip South Moravia - Day 2\" width=\"500\" height=\"281\" src=\"https:\/\/www.youtube.com\/embed\/CukcA7BtD00?feature=oembed\" frameborder=\"0\" allow=\"accelerometer; autoplay; clipboard-write; encrypted-media; gyroscope; picture-in-picture; web-share\" referrerpolicy=\"strict-origin-when-cross-origin\" allowfullscreen><\/iframe>\n<\/div><\/figure>\n\n\n\n<h3 class=\"wp-block-heading\">3. Ungarn 06\/2015 (Kanu)<\/h3>\n\n\n\n<p>Im Grenzgebiet zwischen Ungarn und der Slowakei verl\u00e4uft die Donau und es gibt eine Menge Nebenarme, die man mit dem Kanu erkunden kann. Eine tolle Tour haben wir in der <strong>Moson-Donau<\/strong> gemacht, der ungarischen &#8222;kleinen Donau&#8220;. Bei Bratislava in der Slowakei gibt es \u00fcbrigens ebenfalls eine kleine Donau, die Mal\u00fd Dunaj (wo wir <a href=\"https:\/\/youtu.be\/EQ_WnXvtHmY\">ebenfalls eine Kanutour gemacht haben<\/a>).<\/p>\n\n\n\n<p>Aber zur\u00fcck zur kleinen Donau in Ungarn. Wir haben in der N\u00e4he von <strong>Mosonmagyar\u00f3v\u00e1r <\/strong>direkt am Fluss campiert. Das war schon etwas besonderes, direkt am Fluss aufzuwachen.<\/p>\n\n\n\n<figure data-wp-context=\"{&quot;imageId&quot;:&quot;69f50a8d4e18b&quot;}\" data-wp-interactive=\"core\/image\" data-wp-key=\"69f50a8d4e18b\" class=\"wp-block-image size-large wp-lightbox-container\"><img decoding=\"async\" data-wp-class--hide=\"state.isContentHidden\" data-wp-class--show=\"state.isContentVisible\" data-wp-init=\"callbacks.setButtonStyles\" data-wp-on--click=\"actions.showLightbox\" data-wp-on--load=\"callbacks.setButtonStyles\" data-wp-on-window--resize=\"callbacks.setButtonStyles\" src=\"http:\/\/bernhardherzog.com\/wp-content\/uploads\/sites\/2\/2020\/04\/P7590490-1024x769.jpg\" alt=\"\" class=\"wp-image-18904\"\/><button\n\t\t\tclass=\"lightbox-trigger\"\n\t\t\ttype=\"button\"\n\t\t\taria-haspopup=\"dialog\"\n\t\t\taria-label=\"Vergr\u00f6\u00dfern\"\n\t\t\tdata-wp-init=\"callbacks.initTriggerButton\"\n\t\t\tdata-wp-on--click=\"actions.showLightbox\"\n\t\t\tdata-wp-style--right=\"state.imageButtonRight\"\n\t\t\tdata-wp-style--top=\"state.imageButtonTop\"\n\t\t>\n\t\t\t<svg xmlns=\"http:\/\/www.w3.org\/2000\/svg\" width=\"12\" height=\"12\" fill=\"none\" viewBox=\"0 0 12 12\">\n\t\t\t\t<path fill=\"#fff\" d=\"M2 0a2 2 0 0 0-2 2v2h1.5V2a.5.5 0 0 1 .5-.5h2V0H2Zm2 10.5H2a.5.5 0 0 1-.5-.5V8H0v2a2 2 0 0 0 2 2h2v-1.5ZM8 12v-1.5h2a.5.5 0 0 0 .5-.5V8H12v2a2 2 0 0 1-2 2H8Zm2-12a2 2 0 0 1 2 2v2h-1.5V2a.5.5 0 0 0-.5-.5H8V0h2Z\" \/>\n\t\t\t<\/svg>\n\t\t<\/button><figcaption>Campingplatz an der Moson-Donau (1\/250 @ F3.5, ISO 200, 12mm, Panasonic Lumix)<\/figcaption><\/figure>\n\n\n\n<p>Die <strong>Kanus<\/strong> muss man rechtzeitig reservieren, dabei kann die ungarische Sprache ein Hindernis sein. Man ist dort auf jeden Fall nicht unter ausl\u00e4ndischen Touristen. <\/p>\n\n\n\n<figure data-wp-context=\"{&quot;imageId&quot;:&quot;69f50a8d4e679&quot;}\" data-wp-interactive=\"core\/image\" data-wp-key=\"69f50a8d4e679\" class=\"wp-block-image size-large wp-lightbox-container\"><img decoding=\"async\" data-wp-class--hide=\"state.isContentHidden\" data-wp-class--show=\"state.isContentVisible\" data-wp-init=\"callbacks.setButtonStyles\" data-wp-on--click=\"actions.showLightbox\" data-wp-on--load=\"callbacks.setButtonStyles\" data-wp-on-window--resize=\"callbacks.setButtonStyles\" src=\"http:\/\/bernhardherzog.com\/wp-content\/uploads\/sites\/2\/2020\/04\/P7590508-1024x769.jpg\" alt=\"\" class=\"wp-image-18905\"\/><button\n\t\t\tclass=\"lightbox-trigger\"\n\t\t\ttype=\"button\"\n\t\t\taria-haspopup=\"dialog\"\n\t\t\taria-label=\"Vergr\u00f6\u00dfern\"\n\t\t\tdata-wp-init=\"callbacks.initTriggerButton\"\n\t\t\tdata-wp-on--click=\"actions.showLightbox\"\n\t\t\tdata-wp-style--right=\"state.imageButtonRight\"\n\t\t\tdata-wp-style--top=\"state.imageButtonTop\"\n\t\t>\n\t\t\t<svg xmlns=\"http:\/\/www.w3.org\/2000\/svg\" width=\"12\" height=\"12\" fill=\"none\" viewBox=\"0 0 12 12\">\n\t\t\t\t<path fill=\"#fff\" d=\"M2 0a2 2 0 0 0-2 2v2h1.5V2a.5.5 0 0 1 .5-.5h2V0H2Zm2 10.5H2a.5.5 0 0 1-.5-.5V8H0v2a2 2 0 0 0 2 2h2v-1.5ZM8 12v-1.5h2a.5.5 0 0 0 .5-.5V8H12v2a2 2 0 0 1-2 2H8Zm2-12a2 2 0 0 1 2 2v2h-1.5V2a.5.5 0 0 0-.5-.5H8V0h2Z\" \/>\n\t\t\t<\/svg>\n\t\t<\/button><figcaption>Kanutour in Ungarn (1\/200 @ F10.0, ISO 200, 12mm, Panasonic Lumix)<\/figcaption><\/figure>\n\n\n\n<p>Bei der Kanutour glaubt man \u00f6fters man ist im Dschungel, Patricia hat gesagt wir sind im Amazonas.<\/p>\n\n\n\n<figure data-wp-context=\"{&quot;imageId&quot;:&quot;69f50a8d4eabc&quot;}\" data-wp-interactive=\"core\/image\" data-wp-key=\"69f50a8d4eabc\" class=\"wp-block-image size-large wp-lightbox-container\"><img decoding=\"async\" data-wp-class--hide=\"state.isContentHidden\" data-wp-class--show=\"state.isContentVisible\" data-wp-init=\"callbacks.setButtonStyles\" data-wp-on--click=\"actions.showLightbox\" data-wp-on--load=\"callbacks.setButtonStyles\" data-wp-on-window--resize=\"callbacks.setButtonStyles\" src=\"http:\/\/bernhardherzog.com\/wp-content\/uploads\/sites\/2\/2020\/04\/GOPR1956.jpg\" alt=\"\" class=\"wp-image-18906\"\/><button\n\t\t\tclass=\"lightbox-trigger\"\n\t\t\ttype=\"button\"\n\t\t\taria-haspopup=\"dialog\"\n\t\t\taria-label=\"Vergr\u00f6\u00dfern\"\n\t\t\tdata-wp-init=\"callbacks.initTriggerButton\"\n\t\t\tdata-wp-on--click=\"actions.showLightbox\"\n\t\t\tdata-wp-style--right=\"state.imageButtonRight\"\n\t\t\tdata-wp-style--top=\"state.imageButtonTop\"\n\t\t>\n\t\t\t<svg xmlns=\"http:\/\/www.w3.org\/2000\/svg\" width=\"12\" height=\"12\" fill=\"none\" viewBox=\"0 0 12 12\">\n\t\t\t\t<path fill=\"#fff\" d=\"M2 0a2 2 0 0 0-2 2v2h1.5V2a.5.5 0 0 1 .5-.5h2V0H2Zm2 10.5H2a.5.5 0 0 1-.5-.5V8H0v2a2 2 0 0 0 2 2h2v-1.5ZM8 12v-1.5h2a.5.5 0 0 0 .5-.5V8H12v2a2 2 0 0 1-2 2H8Zm2-12a2 2 0 0 1 2 2v2h-1.5V2a.5.5 0 0 0-.5-.5H8V0h2Z\" \/>\n\t\t\t<\/svg>\n\t\t<\/button><figcaption>Klein-Amazonien in Ungarn (1\/350 @ F2.8, ISO 100, 3mm, GoPro)<\/figcaption><\/figure>\n\n\n\n<p>Unser Highlight waren zweifellos die <strong>Pferde<\/strong>, die durchs Wasser geschickt wurden. Ob zum Reinigen oder Abk\u00fchlen wissen wir nicht genau.<\/p>\n\n\n\n<figure data-wp-context=\"{&quot;imageId&quot;:&quot;69f50a8d4ef08&quot;}\" data-wp-interactive=\"core\/image\" data-wp-key=\"69f50a8d4ef08\" class=\"wp-block-image size-large is-resized wp-lightbox-container\"><img loading=\"lazy\" decoding=\"async\" data-wp-class--hide=\"state.isContentHidden\" data-wp-class--show=\"state.isContentVisible\" data-wp-init=\"callbacks.setButtonStyles\" data-wp-on--click=\"actions.showLightbox\" data-wp-on--load=\"callbacks.setButtonStyles\" data-wp-on-window--resize=\"callbacks.setButtonStyles\" src=\"http:\/\/bernhardherzog.com\/wp-content\/uploads\/sites\/2\/2020\/04\/GOPR6906.jpg\" alt=\"\" class=\"wp-image-18976\" width=\"610\" height=\"457\"\/><button\n\t\t\tclass=\"lightbox-trigger\"\n\t\t\ttype=\"button\"\n\t\t\taria-haspopup=\"dialog\"\n\t\t\taria-label=\"Vergr\u00f6\u00dfern\"\n\t\t\tdata-wp-init=\"callbacks.initTriggerButton\"\n\t\t\tdata-wp-on--click=\"actions.showLightbox\"\n\t\t\tdata-wp-style--right=\"state.imageButtonRight\"\n\t\t\tdata-wp-style--top=\"state.imageButtonTop\"\n\t\t>\n\t\t\t<svg xmlns=\"http:\/\/www.w3.org\/2000\/svg\" width=\"12\" height=\"12\" fill=\"none\" viewBox=\"0 0 12 12\">\n\t\t\t\t<path fill=\"#fff\" d=\"M2 0a2 2 0 0 0-2 2v2h1.5V2a.5.5 0 0 1 .5-.5h2V0H2Zm2 10.5H2a.5.5 0 0 1-.5-.5V8H0v2a2 2 0 0 0 2 2h2v-1.5ZM8 12v-1.5h2a.5.5 0 0 0 .5-.5V8H12v2a2 2 0 0 1-2 2H8Zm2-12a2 2 0 0 1 2 2v2h-1.5V2a.5.5 0 0 0-.5-.5H8V0h2Z\" \/>\n\t\t\t<\/svg>\n\t\t<\/button><figcaption>Pferde schwimmen (1\/1500 @ F2.8, ISO 100, 3mm, GoPro)<\/figcaption><\/figure>\n\n\n\n<p>Wir haben viel mit der <strong>GoPro <\/strong>gefilmt, f\u00fcr Wassersport ist die sowieso ideal.<\/p>\n\n\n\n<figure data-wp-context=\"{&quot;imageId&quot;:&quot;69f50a8d4f5d9&quot;}\" data-wp-interactive=\"core\/image\" data-wp-key=\"69f50a8d4f5d9\" class=\"wp-block-image size-large is-resized wp-lightbox-container\"><img loading=\"lazy\" decoding=\"async\" data-wp-class--hide=\"state.isContentHidden\" data-wp-class--show=\"state.isContentVisible\" data-wp-init=\"callbacks.setButtonStyles\" data-wp-on--click=\"actions.showLightbox\" data-wp-on--load=\"callbacks.setButtonStyles\" data-wp-on-window--resize=\"callbacks.setButtonStyles\" src=\"http:\/\/bernhardherzog.com\/wp-content\/uploads\/sites\/2\/2020\/04\/P7590473-PANO-copy-Edit-1024x372.jpg\" alt=\"\" class=\"wp-image-18907\" width=\"610\" height=\"221\"\/><button\n\t\t\tclass=\"lightbox-trigger\"\n\t\t\ttype=\"button\"\n\t\t\taria-haspopup=\"dialog\"\n\t\t\taria-label=\"Vergr\u00f6\u00dfern\"\n\t\t\tdata-wp-init=\"callbacks.initTriggerButton\"\n\t\t\tdata-wp-on--click=\"actions.showLightbox\"\n\t\t\tdata-wp-style--right=\"state.imageButtonRight\"\n\t\t\tdata-wp-style--top=\"state.imageButtonTop\"\n\t\t>\n\t\t\t<svg xmlns=\"http:\/\/www.w3.org\/2000\/svg\" width=\"12\" height=\"12\" fill=\"none\" viewBox=\"0 0 12 12\">\n\t\t\t\t<path fill=\"#fff\" d=\"M2 0a2 2 0 0 0-2 2v2h1.5V2a.5.5 0 0 1 .5-.5h2V0H2Zm2 10.5H2a.5.5 0 0 1-.5-.5V8H0v2a2 2 0 0 0 2 2h2v-1.5ZM8 12v-1.5h2a.5.5 0 0 0 .5-.5V8H12v2a2 2 0 0 1-2 2H8Zm2-12a2 2 0 0 1 2 2v2h-1.5V2a.5.5 0 0 0-.5-.5H8V0h2Z\" \/>\n\t\t\t<\/svg>\n\t\t<\/button><figcaption>(1\/400 @ F11.0, ISO 200, 12mm, Panasonic Lumix)<\/figcaption><\/figure>\n\n\n\n<figure class=\"wp-block-embed is-type-video is-provider-youtube wp-block-embed-youtube wp-embed-aspect-16-9 wp-has-aspect-ratio\"><div class=\"wp-block-embed__wrapper\">\n<iframe loading=\"lazy\" title=\"Canoeing in Hungary\" width=\"500\" height=\"281\" src=\"https:\/\/www.youtube.com\/embed\/R6zBTSm7Iwo?feature=oembed\" frameborder=\"0\" allow=\"accelerometer; autoplay; clipboard-write; encrypted-media; gyroscope; picture-in-picture; web-share\" referrerpolicy=\"strict-origin-when-cross-origin\" allowfullscreen><\/iframe>\n<\/div><\/figure>\n\n\n\n<h3 class=\"wp-block-heading\">4. \u010cesk\u00fd Krumlov 25\/06\/2015 (Kanu)<\/h3>\n\n\n\n<p>Krumau in Tschechien ist in meinen Augen der pittoreskeste Ort Europas. Am eindrucksvollsten ist es, wenn man mit dem Kanu auf die <strong>Moldau <\/strong>in den Ort hineinf\u00e4hrt.<\/p>\n\n\n\n<figure data-wp-context=\"{&quot;imageId&quot;:&quot;69f50a8d5024f&quot;}\" data-wp-interactive=\"core\/image\" data-wp-key=\"69f50a8d5024f\" class=\"wp-block-image size-large wp-lightbox-container\"><img decoding=\"async\" data-wp-class--hide=\"state.isContentHidden\" data-wp-class--show=\"state.isContentVisible\" data-wp-init=\"callbacks.setButtonStyles\" data-wp-on--click=\"actions.showLightbox\" data-wp-on--load=\"callbacks.setButtonStyles\" data-wp-on-window--resize=\"callbacks.setButtonStyles\" src=\"http:\/\/bernhardherzog.com\/wp-content\/uploads\/sites\/2\/2020\/04\/GOPR2443-1.jpg\" alt=\"\" class=\"wp-image-18912\"\/><button\n\t\t\tclass=\"lightbox-trigger\"\n\t\t\ttype=\"button\"\n\t\t\taria-haspopup=\"dialog\"\n\t\t\taria-label=\"Vergr\u00f6\u00dfern\"\n\t\t\tdata-wp-init=\"callbacks.initTriggerButton\"\n\t\t\tdata-wp-on--click=\"actions.showLightbox\"\n\t\t\tdata-wp-style--right=\"state.imageButtonRight\"\n\t\t\tdata-wp-style--top=\"state.imageButtonTop\"\n\t\t>\n\t\t\t<svg xmlns=\"http:\/\/www.w3.org\/2000\/svg\" width=\"12\" height=\"12\" fill=\"none\" viewBox=\"0 0 12 12\">\n\t\t\t\t<path fill=\"#fff\" d=\"M2 0a2 2 0 0 0-2 2v2h1.5V2a.5.5 0 0 1 .5-.5h2V0H2Zm2 10.5H2a.5.5 0 0 1-.5-.5V8H0v2a2 2 0 0 0 2 2h2v-1.5ZM8 12v-1.5h2a.5.5 0 0 0 .5-.5V8H12v2a2 2 0 0 1-2 2H8Zm2-12a2 2 0 0 1 2 2v2h-1.5V2a.5.5 0 0 0-.5-.5H8V0h2Z\" \/>\n\t\t\t<\/svg>\n\t\t<\/button><figcaption>mit dem Kanu auf der Moldau nach Krumau (1\/1600 @ F2.8, ISO 100, 3mm, GoPro)<\/figcaption><\/figure>\n\n\n\n<p>Als wir dort waren, war gerade eine Foto-Gruppe anwesend. Es gibt zahllose Kirchen und Schl\u00f6sser, die man erklimmen kann und von wo man eine tolle Aussicht auf den Ort und den Fluss hat.<\/p>\n\n\n\n<figure data-wp-context=\"{&quot;imageId&quot;:&quot;69f50a8d50abb&quot;}\" data-wp-interactive=\"core\/image\" data-wp-key=\"69f50a8d50abb\" class=\"wp-block-image size-large wp-lightbox-container\"><img decoding=\"async\" data-wp-class--hide=\"state.isContentHidden\" data-wp-class--show=\"state.isContentVisible\" data-wp-init=\"callbacks.setButtonStyles\" data-wp-on--click=\"actions.showLightbox\" data-wp-on--load=\"callbacks.setButtonStyles\" data-wp-on-window--resize=\"callbacks.setButtonStyles\" src=\"http:\/\/bernhardherzog.com\/wp-content\/uploads\/sites\/2\/2020\/04\/P7590850-1024x769.jpg\" alt=\"\" class=\"wp-image-18911\"\/><button\n\t\t\tclass=\"lightbox-trigger\"\n\t\t\ttype=\"button\"\n\t\t\taria-haspopup=\"dialog\"\n\t\t\taria-label=\"Vergr\u00f6\u00dfern\"\n\t\t\tdata-wp-init=\"callbacks.initTriggerButton\"\n\t\t\tdata-wp-on--click=\"actions.showLightbox\"\n\t\t\tdata-wp-style--right=\"state.imageButtonRight\"\n\t\t\tdata-wp-style--top=\"state.imageButtonTop\"\n\t\t>\n\t\t\t<svg xmlns=\"http:\/\/www.w3.org\/2000\/svg\" width=\"12\" height=\"12\" fill=\"none\" viewBox=\"0 0 12 12\">\n\t\t\t\t<path fill=\"#fff\" d=\"M2 0a2 2 0 0 0-2 2v2h1.5V2a.5.5 0 0 1 .5-.5h2V0H2Zm2 10.5H2a.5.5 0 0 1-.5-.5V8H0v2a2 2 0 0 0 2 2h2v-1.5ZM8 12v-1.5h2a.5.5 0 0 0 .5-.5V8H12v2a2 2 0 0 1-2 2H8Zm2-12a2 2 0 0 1 2 2v2h-1.5V2a.5.5 0 0 0-.5-.5H8V0h2Z\" \/>\n\t\t\t<\/svg>\n\t\t<\/button><figcaption>Krumau \/ \u010cesk\u00fd Krumlov (1\/250 @ F9.0, ISO 200, 12mm, Panasonic Lumix)<\/figcaption><\/figure>\n\n\n\n<figure data-wp-context=\"{&quot;imageId&quot;:&quot;69f50a8d50fd6&quot;}\" data-wp-interactive=\"core\/image\" data-wp-key=\"69f50a8d50fd6\" class=\"wp-block-image size-large wp-lightbox-container\"><img decoding=\"async\" data-wp-class--hide=\"state.isContentHidden\" data-wp-class--show=\"state.isContentVisible\" data-wp-init=\"callbacks.setButtonStyles\" data-wp-on--click=\"actions.showLightbox\" data-wp-on--load=\"callbacks.setButtonStyles\" data-wp-on-window--resize=\"callbacks.setButtonStyles\" src=\"http:\/\/bernhardherzog.com\/wp-content\/uploads\/sites\/2\/2020\/04\/G0372597.jpg\" alt=\"\" class=\"wp-image-18910\"\/><button\n\t\t\tclass=\"lightbox-trigger\"\n\t\t\ttype=\"button\"\n\t\t\taria-haspopup=\"dialog\"\n\t\t\taria-label=\"Vergr\u00f6\u00dfern\"\n\t\t\tdata-wp-init=\"callbacks.initTriggerButton\"\n\t\t\tdata-wp-on--click=\"actions.showLightbox\"\n\t\t\tdata-wp-style--right=\"state.imageButtonRight\"\n\t\t\tdata-wp-style--top=\"state.imageButtonTop\"\n\t\t>\n\t\t\t<svg xmlns=\"http:\/\/www.w3.org\/2000\/svg\" width=\"12\" height=\"12\" fill=\"none\" viewBox=\"0 0 12 12\">\n\t\t\t\t<path fill=\"#fff\" d=\"M2 0a2 2 0 0 0-2 2v2h1.5V2a.5.5 0 0 1 .5-.5h2V0H2Zm2 10.5H2a.5.5 0 0 1-.5-.5V8H0v2a2 2 0 0 0 2 2h2v-1.5ZM8 12v-1.5h2a.5.5 0 0 0 .5-.5V8H12v2a2 2 0 0 1-2 2H8Zm2-12a2 2 0 0 1 2 2v2h-1.5V2a.5.5 0 0 0-.5-.5H8V0h2Z\" \/>\n\t\t\t<\/svg>\n\t\t<\/button><figcaption>Viele Aussichtspunkte auf Krumau (1\/350 @ F2.8, ISO 100, 3mm, GoPro)<\/figcaption><\/figure>\n\n\n\n<p>Der Fluss ist nicht umsonst der beliebteste f\u00fcr Kanufahrer. Wahrscheinlich auch wegen den vielen Wehren, die man in den Bootsgasse umschiffen kann und die den Puls der Kanuten in die H\u00f6he treiben.<\/p>\n\n\n\n<figure data-wp-context=\"{&quot;imageId&quot;:&quot;69f50a8d515ec&quot;}\" data-wp-interactive=\"core\/image\" data-wp-key=\"69f50a8d515ec\" class=\"wp-block-image size-large wp-lightbox-container\"><img decoding=\"async\" data-wp-class--hide=\"state.isContentHidden\" data-wp-class--show=\"state.isContentVisible\" data-wp-init=\"callbacks.setButtonStyles\" data-wp-on--click=\"actions.showLightbox\" data-wp-on--load=\"callbacks.setButtonStyles\" data-wp-on-window--resize=\"callbacks.setButtonStyles\" src=\"http:\/\/bernhardherzog.com\/wp-content\/uploads\/sites\/2\/2020\/04\/P1014333.jpg\" alt=\"\" class=\"wp-image-19103\"\/><button\n\t\t\tclass=\"lightbox-trigger\"\n\t\t\ttype=\"button\"\n\t\t\taria-haspopup=\"dialog\"\n\t\t\taria-label=\"Vergr\u00f6\u00dfern\"\n\t\t\tdata-wp-init=\"callbacks.initTriggerButton\"\n\t\t\tdata-wp-on--click=\"actions.showLightbox\"\n\t\t\tdata-wp-style--right=\"state.imageButtonRight\"\n\t\t\tdata-wp-style--top=\"state.imageButtonTop\"\n\t\t>\n\t\t\t<svg xmlns=\"http:\/\/www.w3.org\/2000\/svg\" width=\"12\" height=\"12\" fill=\"none\" viewBox=\"0 0 12 12\">\n\t\t\t\t<path fill=\"#fff\" d=\"M2 0a2 2 0 0 0-2 2v2h1.5V2a.5.5 0 0 1 .5-.5h2V0H2Zm2 10.5H2a.5.5 0 0 1-.5-.5V8H0v2a2 2 0 0 0 2 2h2v-1.5ZM8 12v-1.5h2a.5.5 0 0 0 .5-.5V8H12v2a2 2 0 0 1-2 2H8Zm2-12a2 2 0 0 1 2 2v2h-1.5V2a.5.5 0 0 0-.5-.5H8V0h2Z\" \/>\n\t\t\t<\/svg>\n\t\t<\/button><figcaption>Aussicht auf Krumau (1\/200 @ F5.6, ISO 200, 14mm, Olympus PEN E-PL1)<\/figcaption><\/figure>\n\n\n\n<p>Zum Filmen habe ich ein <strong>Mikrofon an der GoPro <\/strong>angeschlossen. Dadurch hat sich die Tonqualit\u00e4t stark verbessert.<\/p>\n\n\n\n<figure class=\"wp-block-embed is-type-video is-provider-youtube wp-block-embed-youtube wp-embed-aspect-16-9 wp-has-aspect-ratio\"><div class=\"wp-block-embed__wrapper\">\n<iframe loading=\"lazy\" title=\"\u010cesk\u00fd Krumlov\" width=\"500\" height=\"281\" src=\"https:\/\/www.youtube.com\/embed\/gidjmbLCKUg?feature=oembed\" frameborder=\"0\" allow=\"accelerometer; autoplay; clipboard-write; encrypted-media; gyroscope; picture-in-picture; web-share\" referrerpolicy=\"strict-origin-when-cross-origin\" allowfullscreen><\/iframe>\n<\/div><\/figure>\n\n\n\n<h3 class=\"wp-block-heading\">5. Triest 07\/07\/2015 (Radtour)<\/h3>\n\n\n\n<p>Es gibt von \u00d6sterreich bis ans Meer in Italien einen wundersch\u00f6nen Radwanderweg entlang einer alten Bahnlinie, den <strong>Pontebbana Radweg <\/strong>bzw. den <strong>Alpe-Adria-Trail<\/strong>.<\/p>\n\n\n\n<p>Start ist in <strong>K\u00e4rnten<\/strong>, dem Bundesland, das f\u00fcr die sch\u00f6nsten Badeseen bekannt ist.<\/p>\n\n\n\n<figure data-wp-context=\"{&quot;imageId&quot;:&quot;69f50a8d51bbc&quot;}\" data-wp-interactive=\"core\/image\" data-wp-key=\"69f50a8d51bbc\" class=\"wp-block-image size-large wp-lightbox-container\"><img decoding=\"async\" data-wp-class--hide=\"state.isContentHidden\" data-wp-class--show=\"state.isContentVisible\" data-wp-init=\"callbacks.setButtonStyles\" data-wp-on--click=\"actions.showLightbox\" data-wp-on--load=\"callbacks.setButtonStyles\" data-wp-on-window--resize=\"callbacks.setButtonStyles\" src=\"http:\/\/bernhardherzog.com\/wp-content\/uploads\/sites\/2\/2020\/04\/G0164325-1024x811.jpg\" alt=\"\" class=\"wp-image-18914\"\/><button\n\t\t\tclass=\"lightbox-trigger\"\n\t\t\ttype=\"button\"\n\t\t\taria-haspopup=\"dialog\"\n\t\t\taria-label=\"Vergr\u00f6\u00dfern\"\n\t\t\tdata-wp-init=\"callbacks.initTriggerButton\"\n\t\t\tdata-wp-on--click=\"actions.showLightbox\"\n\t\t\tdata-wp-style--right=\"state.imageButtonRight\"\n\t\t\tdata-wp-style--top=\"state.imageButtonTop\"\n\t\t>\n\t\t\t<svg xmlns=\"http:\/\/www.w3.org\/2000\/svg\" width=\"12\" height=\"12\" fill=\"none\" viewBox=\"0 0 12 12\">\n\t\t\t\t<path fill=\"#fff\" d=\"M2 0a2 2 0 0 0-2 2v2h1.5V2a.5.5 0 0 1 .5-.5h2V0H2Zm2 10.5H2a.5.5 0 0 1-.5-.5V8H0v2a2 2 0 0 0 2 2h2v-1.5ZM8 12v-1.5h2a.5.5 0 0 0 .5-.5V8H12v2a2 2 0 0 1-2 2H8Zm2-12a2 2 0 0 1 2 2v2h-1.5V2a.5.5 0 0 0-.5-.5H8V0h2Z\" \/>\n\t\t\t<\/svg>\n\t\t<\/button><figcaption>W\u00f6rthersee (1\/1600 @ F2.8, ISO 100, 3mm, GoPro)<\/figcaption><\/figure>\n\n\n\n<p>Dann geht \u00fcber einen Pass ins Gebirge nach <strong>Italien<\/strong>.<\/p>\n\n\n\n<figure data-wp-context=\"{&quot;imageId&quot;:&quot;69f50a8d5207a&quot;}\" data-wp-interactive=\"core\/image\" data-wp-key=\"69f50a8d5207a\" class=\"wp-block-image size-large wp-lightbox-container\"><img decoding=\"async\" data-wp-class--hide=\"state.isContentHidden\" data-wp-class--show=\"state.isContentVisible\" data-wp-init=\"callbacks.setButtonStyles\" data-wp-on--click=\"actions.showLightbox\" data-wp-on--load=\"callbacks.setButtonStyles\" data-wp-on-window--resize=\"callbacks.setButtonStyles\" src=\"http:\/\/bernhardherzog.com\/wp-content\/uploads\/sites\/2\/2020\/04\/P7610307-1024x769.jpg\" alt=\"\" class=\"wp-image-18915\"\/><button\n\t\t\tclass=\"lightbox-trigger\"\n\t\t\ttype=\"button\"\n\t\t\taria-haspopup=\"dialog\"\n\t\t\taria-label=\"Vergr\u00f6\u00dfern\"\n\t\t\tdata-wp-init=\"callbacks.initTriggerButton\"\n\t\t\tdata-wp-on--click=\"actions.showLightbox\"\n\t\t\tdata-wp-style--right=\"state.imageButtonRight\"\n\t\t\tdata-wp-style--top=\"state.imageButtonTop\"\n\t\t>\n\t\t\t<svg xmlns=\"http:\/\/www.w3.org\/2000\/svg\" width=\"12\" height=\"12\" fill=\"none\" viewBox=\"0 0 12 12\">\n\t\t\t\t<path fill=\"#fff\" d=\"M2 0a2 2 0 0 0-2 2v2h1.5V2a.5.5 0 0 1 .5-.5h2V0H2Zm2 10.5H2a.5.5 0 0 1-.5-.5V8H0v2a2 2 0 0 0 2 2h2v-1.5ZM8 12v-1.5h2a.5.5 0 0 0 .5-.5V8H12v2a2 2 0 0 1-2 2H8Zm2-12a2 2 0 0 1 2 2v2h-1.5V2a.5.5 0 0 0-.5-.5H8V0h2Z\" \/>\n\t\t\t<\/svg>\n\t\t<\/button><figcaption>Beginn des Pontebbana Radweg (1\/60 @ F3.5, ISO 200, 12m, Panasonic Lumix)<\/figcaption><\/figure>\n\n\n\n<figure data-wp-context=\"{&quot;imageId&quot;:&quot;69f50a8d52523&quot;}\" data-wp-interactive=\"core\/image\" data-wp-key=\"69f50a8d52523\" class=\"wp-block-image size-large wp-lightbox-container\"><img decoding=\"async\" data-wp-class--hide=\"state.isContentHidden\" data-wp-class--show=\"state.isContentVisible\" data-wp-init=\"callbacks.setButtonStyles\" data-wp-on--click=\"actions.showLightbox\" data-wp-on--load=\"callbacks.setButtonStyles\" data-wp-on-window--resize=\"callbacks.setButtonStyles\" src=\"http:\/\/bernhardherzog.com\/wp-content\/uploads\/sites\/2\/2020\/04\/GOPR4447-768x1024.jpg\" alt=\"\" class=\"wp-image-18916\"\/><button\n\t\t\tclass=\"lightbox-trigger\"\n\t\t\ttype=\"button\"\n\t\t\taria-haspopup=\"dialog\"\n\t\t\taria-label=\"Vergr\u00f6\u00dfern\"\n\t\t\tdata-wp-init=\"callbacks.initTriggerButton\"\n\t\t\tdata-wp-on--click=\"actions.showLightbox\"\n\t\t\tdata-wp-style--right=\"state.imageButtonRight\"\n\t\t\tdata-wp-style--top=\"state.imageButtonTop\"\n\t\t>\n\t\t\t<svg xmlns=\"http:\/\/www.w3.org\/2000\/svg\" width=\"12\" height=\"12\" fill=\"none\" viewBox=\"0 0 12 12\">\n\t\t\t\t<path fill=\"#fff\" d=\"M2 0a2 2 0 0 0-2 2v2h1.5V2a.5.5 0 0 1 .5-.5h2V0H2Zm2 10.5H2a.5.5 0 0 1-.5-.5V8H0v2a2 2 0 0 0 2 2h2v-1.5ZM8 12v-1.5h2a.5.5 0 0 0 .5-.5V8H12v2a2 2 0 0 1-2 2H8Zm2-12a2 2 0 0 1 2 2v2h-1.5V2a.5.5 0 0 0-.5-.5H8V0h2Z\" \/>\n\t\t\t<\/svg>\n\t\t<\/button><figcaption>durch das Gebirge (1\/280 @ F2.8, ISO 100, 3mm, GoPro)<\/figcaption><\/figure>\n\n\n\n<p>Wir sind nach Triest gefahren und nicht nach Grado. Einen Teil der Strecke mit dem Zug, da das Wetter sp\u00e4ter nicht so gut war.<\/p>\n\n\n\n<figure data-wp-context=\"{&quot;imageId&quot;:&quot;69f50a8d52a81&quot;}\" data-wp-interactive=\"core\/image\" data-wp-key=\"69f50a8d52a81\" class=\"wp-block-image size-large wp-lightbox-container\"><img decoding=\"async\" data-wp-class--hide=\"state.isContentHidden\" data-wp-class--show=\"state.isContentVisible\" data-wp-init=\"callbacks.setButtonStyles\" data-wp-on--click=\"actions.showLightbox\" data-wp-on--load=\"callbacks.setButtonStyles\" data-wp-on-window--resize=\"callbacks.setButtonStyles\" src=\"http:\/\/bernhardherzog.com\/wp-content\/uploads\/sites\/2\/2020\/04\/P7610391-1024x714.jpg\" alt=\"\" class=\"wp-image-18917\"\/><button\n\t\t\tclass=\"lightbox-trigger\"\n\t\t\ttype=\"button\"\n\t\t\taria-haspopup=\"dialog\"\n\t\t\taria-label=\"Vergr\u00f6\u00dfern\"\n\t\t\tdata-wp-init=\"callbacks.initTriggerButton\"\n\t\t\tdata-wp-on--click=\"actions.showLightbox\"\n\t\t\tdata-wp-style--right=\"state.imageButtonRight\"\n\t\t\tdata-wp-style--top=\"state.imageButtonTop\"\n\t\t>\n\t\t\t<svg xmlns=\"http:\/\/www.w3.org\/2000\/svg\" width=\"12\" height=\"12\" fill=\"none\" viewBox=\"0 0 12 12\">\n\t\t\t\t<path fill=\"#fff\" d=\"M2 0a2 2 0 0 0-2 2v2h1.5V2a.5.5 0 0 1 .5-.5h2V0H2Zm2 10.5H2a.5.5 0 0 1-.5-.5V8H0v2a2 2 0 0 0 2 2h2v-1.5ZM8 12v-1.5h2a.5.5 0 0 0 .5-.5V8H12v2a2 2 0 0 1-2 2H8Zm2-12a2 2 0 0 1 2 2v2h-1.5V2a.5.5 0 0 0-.5-.5H8V0h2Z\" \/>\n\t\t\t<\/svg>\n\t\t<\/button><figcaption>Triest (1\/800 @ F8.0, ISO 200, 26mm, Panasonic Lumix)<\/figcaption><\/figure>\n\n\n\n<p>Bei Triest hat Patricia zuwenig gefr\u00fchst\u00fcckt und hatte beim Radfahren einen Zusammenbruch. Ihren runden Geburtstag musste sie daher leider im Krankenhaus verbringen \ud83d\ude41 Es war aber alles in Ordnung!<\/p>\n\n\n\n<figure data-wp-context=\"{&quot;imageId&quot;:&quot;69f50a8d52edc&quot;}\" data-wp-interactive=\"core\/image\" data-wp-key=\"69f50a8d52edc\" class=\"wp-block-image size-large wp-lightbox-container\"><img decoding=\"async\" data-wp-class--hide=\"state.isContentHidden\" data-wp-class--show=\"state.isContentVisible\" data-wp-init=\"callbacks.setButtonStyles\" data-wp-on--click=\"actions.showLightbox\" data-wp-on--load=\"callbacks.setButtonStyles\" data-wp-on-window--resize=\"callbacks.setButtonStyles\" src=\"http:\/\/bernhardherzog.com\/wp-content\/uploads\/sites\/2\/2020\/04\/P7610410-1024x769.jpg\" alt=\"\" class=\"wp-image-18918\"\/><button\n\t\t\tclass=\"lightbox-trigger\"\n\t\t\ttype=\"button\"\n\t\t\taria-haspopup=\"dialog\"\n\t\t\taria-label=\"Vergr\u00f6\u00dfern\"\n\t\t\tdata-wp-init=\"callbacks.initTriggerButton\"\n\t\t\tdata-wp-on--click=\"actions.showLightbox\"\n\t\t\tdata-wp-style--right=\"state.imageButtonRight\"\n\t\t\tdata-wp-style--top=\"state.imageButtonTop\"\n\t\t>\n\t\t\t<svg xmlns=\"http:\/\/www.w3.org\/2000\/svg\" width=\"12\" height=\"12\" fill=\"none\" viewBox=\"0 0 12 12\">\n\t\t\t\t<path fill=\"#fff\" d=\"M2 0a2 2 0 0 0-2 2v2h1.5V2a.5.5 0 0 1 .5-.5h2V0H2Zm2 10.5H2a.5.5 0 0 1-.5-.5V8H0v2a2 2 0 0 0 2 2h2v-1.5ZM8 12v-1.5h2a.5.5 0 0 0 .5-.5V8H12v2a2 2 0 0 1-2 2H8Zm2-12a2 2 0 0 1 2 2v2h-1.5V2a.5.5 0 0 0-.5-.5H8V0h2Z\" \/>\n\t\t\t<\/svg>\n\t\t<\/button><figcaption>(1\/25 @ F5.1, ISO 3200, 24mm, Panasonic Lumix)<\/figcaption><\/figure>\n\n\n\n<p>Es war eine sehr abwechslungsreiche Radtour, Badeseen, Gebirge, das Meer &#8211; alles dabei!<\/p>\n\n\n\n<figure data-wp-context=\"{&quot;imageId&quot;:&quot;69f50a8d53336&quot;}\" data-wp-interactive=\"core\/image\" data-wp-key=\"69f50a8d53336\" class=\"wp-block-image size-large wp-lightbox-container\"><img decoding=\"async\" data-wp-class--hide=\"state.isContentHidden\" data-wp-class--show=\"state.isContentVisible\" data-wp-init=\"callbacks.setButtonStyles\" data-wp-on--click=\"actions.showLightbox\" data-wp-on--load=\"callbacks.setButtonStyles\" data-wp-on-window--resize=\"callbacks.setButtonStyles\" src=\"http:\/\/bernhardherzog.com\/wp-content\/uploads\/sites\/2\/2020\/04\/P7610445-1024x769.jpg\" alt=\"\" class=\"wp-image-18919\"\/><button\n\t\t\tclass=\"lightbox-trigger\"\n\t\t\ttype=\"button\"\n\t\t\taria-haspopup=\"dialog\"\n\t\t\taria-label=\"Vergr\u00f6\u00dfern\"\n\t\t\tdata-wp-init=\"callbacks.initTriggerButton\"\n\t\t\tdata-wp-on--click=\"actions.showLightbox\"\n\t\t\tdata-wp-style--right=\"state.imageButtonRight\"\n\t\t\tdata-wp-style--top=\"state.imageButtonTop\"\n\t\t>\n\t\t\t<svg xmlns=\"http:\/\/www.w3.org\/2000\/svg\" width=\"12\" height=\"12\" fill=\"none\" viewBox=\"0 0 12 12\">\n\t\t\t\t<path fill=\"#fff\" d=\"M2 0a2 2 0 0 0-2 2v2h1.5V2a.5.5 0 0 1 .5-.5h2V0H2Zm2 10.5H2a.5.5 0 0 1-.5-.5V8H0v2a2 2 0 0 0 2 2h2v-1.5ZM8 12v-1.5h2a.5.5 0 0 0 .5-.5V8H12v2a2 2 0 0 1-2 2H8Zm2-12a2 2 0 0 1 2 2v2h-1.5V2a.5.5 0 0 0-.5-.5H8V0h2Z\" \/>\n\t\t\t<\/svg>\n\t\t<\/button><figcaption>Am Meer (1\/640 @ F9.0, ISO 200, 12mm, Panasonic Lumix)<\/figcaption><\/figure>\n\n\n\n<h3 class=\"wp-block-heading\">6. Neapel 04\/09\/2015<\/h3>\n\n\n\n<p>Wie Eingangs erw\u00e4hnt waren wir auch in Rom aber in Erinnerung geblieben ist uns eher Neapel. In der N\u00e4he von Neapel gibt es einige Insel, die bekannteste ist Capri. Wir sind stattdessen nach <strong>Procida <\/strong>gefahren und waren wirklich hingerissen von der Kulisse.<\/p>\n\n\n\n<figure data-wp-context=\"{&quot;imageId&quot;:&quot;69f50a8d537d9&quot;}\" data-wp-interactive=\"core\/image\" data-wp-key=\"69f50a8d537d9\" class=\"wp-block-image size-large wp-lightbox-container\"><img decoding=\"async\" data-wp-class--hide=\"state.isContentHidden\" data-wp-class--show=\"state.isContentVisible\" data-wp-init=\"callbacks.setButtonStyles\" data-wp-on--click=\"actions.showLightbox\" data-wp-on--load=\"callbacks.setButtonStyles\" data-wp-on-window--resize=\"callbacks.setButtonStyles\" src=\"http:\/\/bernhardherzog.com\/wp-content\/uploads\/sites\/2\/2020\/04\/IMG_5623-1-1024x604.jpg\" alt=\"\" class=\"wp-image-18979\"\/><button\n\t\t\tclass=\"lightbox-trigger\"\n\t\t\ttype=\"button\"\n\t\t\taria-haspopup=\"dialog\"\n\t\t\taria-label=\"Vergr\u00f6\u00dfern\"\n\t\t\tdata-wp-init=\"callbacks.initTriggerButton\"\n\t\t\tdata-wp-on--click=\"actions.showLightbox\"\n\t\t\tdata-wp-style--right=\"state.imageButtonRight\"\n\t\t\tdata-wp-style--top=\"state.imageButtonTop\"\n\t\t>\n\t\t\t<svg xmlns=\"http:\/\/www.w3.org\/2000\/svg\" width=\"12\" height=\"12\" fill=\"none\" viewBox=\"0 0 12 12\">\n\t\t\t\t<path fill=\"#fff\" d=\"M2 0a2 2 0 0 0-2 2v2h1.5V2a.5.5 0 0 1 .5-.5h2V0H2Zm2 10.5H2a.5.5 0 0 1-.5-.5V8H0v2a2 2 0 0 0 2 2h2v-1.5ZM8 12v-1.5h2a.5.5 0 0 0 .5-.5V8H12v2a2 2 0 0 1-2 2H8Zm2-12a2 2 0 0 1 2 2v2h-1.5V2a.5.5 0 0 0-.5-.5H8V0h2Z\" \/>\n\t\t\t<\/svg>\n\t\t<\/button><figcaption>Procida (iPhone 6)<\/figcaption><\/figure>\n\n\n\n<p>Patricia hat erstmals mit dem iPhone 6 Fotos gemacht und war begeistert. Mir haben die nat\u00fcrlichen Farben gefallen, Samsung Handys \u00fcbertreiben die Farben leider ein bisschen. Man hat schon damals bemerkt, dass man mit iPhones in manchen Situationen Fotos machen kann, die von gro\u00dfen Kameras fast nicht mehr zu unterscheiden sind.<\/p>\n\n\n\n<h3 class=\"wp-block-heading\">7. Slowenien 09\/2015 und 29\/08\/2016 (Wandern, Flying Fox, Kanu)<\/h3>\n\n\n\n<p>In Slowenien waren wir mehrere Male. Lubljana ist eine meiner Lieblingsst\u00e4dte, auch Maribor ist interessant, beide sind aber nicht besonders fotogen.<\/p>\n\n\n\n<figure data-wp-context=\"{&quot;imageId&quot;:&quot;69f50a8d53c98&quot;}\" data-wp-interactive=\"core\/image\" data-wp-key=\"69f50a8d53c98\" class=\"wp-block-image size-large wp-lightbox-container\"><img decoding=\"async\" data-wp-class--hide=\"state.isContentHidden\" data-wp-class--show=\"state.isContentVisible\" data-wp-init=\"callbacks.setButtonStyles\" data-wp-on--click=\"actions.showLightbox\" data-wp-on--load=\"callbacks.setButtonStyles\" data-wp-on-window--resize=\"callbacks.setButtonStyles\" src=\"http:\/\/bernhardherzog.com\/wp-content\/uploads\/sites\/2\/2020\/04\/P7630466-1024x769.jpg\" alt=\"\" class=\"wp-image-18923\"\/><button\n\t\t\tclass=\"lightbox-trigger\"\n\t\t\ttype=\"button\"\n\t\t\taria-haspopup=\"dialog\"\n\t\t\taria-label=\"Vergr\u00f6\u00dfern\"\n\t\t\tdata-wp-init=\"callbacks.initTriggerButton\"\n\t\t\tdata-wp-on--click=\"actions.showLightbox\"\n\t\t\tdata-wp-style--right=\"state.imageButtonRight\"\n\t\t\tdata-wp-style--top=\"state.imageButtonTop\"\n\t\t>\n\t\t\t<svg xmlns=\"http:\/\/www.w3.org\/2000\/svg\" width=\"12\" height=\"12\" fill=\"none\" viewBox=\"0 0 12 12\">\n\t\t\t\t<path fill=\"#fff\" d=\"M2 0a2 2 0 0 0-2 2v2h1.5V2a.5.5 0 0 1 .5-.5h2V0H2Zm2 10.5H2a.5.5 0 0 1-.5-.5V8H0v2a2 2 0 0 0 2 2h2v-1.5ZM8 12v-1.5h2a.5.5 0 0 0 .5-.5V8H12v2a2 2 0 0 1-2 2H8Zm2-12a2 2 0 0 1 2 2v2h-1.5V2a.5.5 0 0 0-.5-.5H8V0h2Z\" \/>\n\t\t\t<\/svg>\n\t\t<\/button><figcaption>Lubljana (1\/640 @ F4.7, ISO 200, 21mm, Panasonic Lumix)<\/figcaption><\/figure>\n\n\n\n<p>Mit unserer Freundin Gabriela waren wir in <strong>Bled<\/strong>. Das Foto von der Insel und dem Bleder See ist wohl das ber\u00fchmteste, das man in Slowenien machen kann.<\/p>\n\n\n\n<figure data-wp-context=\"{&quot;imageId&quot;:&quot;69f50a8d54101&quot;}\" data-wp-interactive=\"core\/image\" data-wp-key=\"69f50a8d54101\" class=\"wp-block-image size-large wp-lightbox-container\"><img decoding=\"async\" data-wp-class--hide=\"state.isContentHidden\" data-wp-class--show=\"state.isContentVisible\" data-wp-init=\"callbacks.setButtonStyles\" data-wp-on--click=\"actions.showLightbox\" data-wp-on--load=\"callbacks.setButtonStyles\" data-wp-on-window--resize=\"callbacks.setButtonStyles\" src=\"http:\/\/bernhardherzog.com\/wp-content\/uploads\/sites\/2\/2020\/04\/P7630568-1024x631.jpg\" alt=\"\" class=\"wp-image-18924\"\/><button\n\t\t\tclass=\"lightbox-trigger\"\n\t\t\ttype=\"button\"\n\t\t\taria-haspopup=\"dialog\"\n\t\t\taria-label=\"Vergr\u00f6\u00dfern\"\n\t\t\tdata-wp-init=\"callbacks.initTriggerButton\"\n\t\t\tdata-wp-on--click=\"actions.showLightbox\"\n\t\t\tdata-wp-style--right=\"state.imageButtonRight\"\n\t\t\tdata-wp-style--top=\"state.imageButtonTop\"\n\t\t>\n\t\t\t<svg xmlns=\"http:\/\/www.w3.org\/2000\/svg\" width=\"12\" height=\"12\" fill=\"none\" viewBox=\"0 0 12 12\">\n\t\t\t\t<path fill=\"#fff\" d=\"M2 0a2 2 0 0 0-2 2v2h1.5V2a.5.5 0 0 1 .5-.5h2V0H2Zm2 10.5H2a.5.5 0 0 1-.5-.5V8H0v2a2 2 0 0 0 2 2h2v-1.5ZM8 12v-1.5h2a.5.5 0 0 0 .5-.5V8H12v2a2 2 0 0 1-2 2H8Zm2-12a2 2 0 0 1 2 2v2h-1.5V2a.5.5 0 0 0-.5-.5H8V0h2Z\" \/>\n\t\t\t<\/svg>\n\t\t<\/button><figcaption>Bled (1\/2000 @ F3.5, ISO 200, 12mm, Panasonic Lumix)<\/figcaption><\/figure>\n\n\n\n<p>Viele Touristen gehen in die <strong>Tropfsteinh\u00f6hlen<\/strong>, wir wollten dort in der N\u00e4he jedoch dieses Foto von der <strong>H\u00f6hlenburg Predjama <\/strong>machen.<\/p>\n\n\n\n<figure data-wp-context=\"{&quot;imageId&quot;:&quot;69f50a8d54f38&quot;}\" data-wp-interactive=\"core\/image\" data-wp-key=\"69f50a8d54f38\" class=\"wp-block-image size-large wp-lightbox-container\"><img decoding=\"async\" data-wp-class--hide=\"state.isContentHidden\" data-wp-class--show=\"state.isContentVisible\" data-wp-init=\"callbacks.setButtonStyles\" data-wp-on--click=\"actions.showLightbox\" data-wp-on--load=\"callbacks.setButtonStyles\" data-wp-on-window--resize=\"callbacks.setButtonStyles\" src=\"http:\/\/bernhardherzog.com\/wp-content\/uploads\/sites\/2\/2020\/04\/P7630339-1024x769.jpg\" alt=\"\" class=\"wp-image-18925\"\/><button\n\t\t\tclass=\"lightbox-trigger\"\n\t\t\ttype=\"button\"\n\t\t\taria-haspopup=\"dialog\"\n\t\t\taria-label=\"Vergr\u00f6\u00dfern\"\n\t\t\tdata-wp-init=\"callbacks.initTriggerButton\"\n\t\t\tdata-wp-on--click=\"actions.showLightbox\"\n\t\t\tdata-wp-style--right=\"state.imageButtonRight\"\n\t\t\tdata-wp-style--top=\"state.imageButtonTop\"\n\t\t>\n\t\t\t<svg xmlns=\"http:\/\/www.w3.org\/2000\/svg\" width=\"12\" height=\"12\" fill=\"none\" viewBox=\"0 0 12 12\">\n\t\t\t\t<path fill=\"#fff\" d=\"M2 0a2 2 0 0 0-2 2v2h1.5V2a.5.5 0 0 1 .5-.5h2V0H2Zm2 10.5H2a.5.5 0 0 1-.5-.5V8H0v2a2 2 0 0 0 2 2h2v-1.5ZM8 12v-1.5h2a.5.5 0 0 0 .5-.5V8H12v2a2 2 0 0 1-2 2H8Zm2-12a2 2 0 0 1 2 2v2h-1.5V2a.5.5 0 0 0-.5-.5H8V0h2Z\" \/>\n\t\t\t<\/svg>\n\t\t<\/button><figcaption>H\u00f6hlenburg Predjama (1\/200 @ F7.1, ISO 200, 25mm, Panasonic Lumix)<\/figcaption><\/figure>\n\n\n\n<p>Mit unserer Freundin Ana waren wir im <strong>So\u010da-Tal<\/strong>. Entlang dieses Flusses kann man unglaublich sch\u00f6ne Wanderungen machen, Ana war total begeistert (&#8222;AMAZING!&#8220;), da sie diese Landschaft von Portugal nicht gewohnt ist. <\/p>\n\n\n\n<figure data-wp-context=\"{&quot;imageId&quot;:&quot;69f50a8d55402&quot;}\" data-wp-interactive=\"core\/image\" data-wp-key=\"69f50a8d55402\" class=\"wp-block-image size-large wp-lightbox-container\"><img loading=\"lazy\" decoding=\"async\" width=\"683\" height=\"1024\" data-wp-class--hide=\"state.isContentHidden\" data-wp-class--show=\"state.isContentVisible\" data-wp-init=\"callbacks.setButtonStyles\" data-wp-on--click=\"actions.showLightbox\" data-wp-on--load=\"callbacks.setButtonStyles\" data-wp-on-window--resize=\"callbacks.setButtonStyles\" src=\"https:\/\/bernhardherzog.com\/de\/wp-content\/uploads\/sites\/2\/2020\/04\/IMG_0413-Edit-1-683x1024.jpg\" alt=\"\" class=\"wp-image-19111\" srcset=\"https:\/\/bernhardherzog.com\/de\/wp-content\/uploads\/sites\/2\/2020\/04\/IMG_0413-Edit-1-683x1024.jpg 683w, https:\/\/bernhardherzog.com\/de\/wp-content\/uploads\/sites\/2\/2020\/04\/IMG_0413-Edit-1-200x300.jpg 200w, https:\/\/bernhardherzog.com\/de\/wp-content\/uploads\/sites\/2\/2020\/04\/IMG_0413-Edit-1-768x1152.jpg 768w, https:\/\/bernhardherzog.com\/de\/wp-content\/uploads\/sites\/2\/2020\/04\/IMG_0413-Edit-1-1024x1536.jpg 1024w, https:\/\/bernhardherzog.com\/de\/wp-content\/uploads\/sites\/2\/2020\/04\/IMG_0413-Edit-1-1365x2048.jpg 1365w, https:\/\/bernhardherzog.com\/de\/wp-content\/uploads\/sites\/2\/2020\/04\/IMG_0413-Edit-1.jpg 1397w\" sizes=\"auto, (max-width: 683px) 100vw, 683px\" \/><button\n\t\t\tclass=\"lightbox-trigger\"\n\t\t\ttype=\"button\"\n\t\t\taria-haspopup=\"dialog\"\n\t\t\taria-label=\"Vergr\u00f6\u00dfern\"\n\t\t\tdata-wp-init=\"callbacks.initTriggerButton\"\n\t\t\tdata-wp-on--click=\"actions.showLightbox\"\n\t\t\tdata-wp-style--right=\"state.imageButtonRight\"\n\t\t\tdata-wp-style--top=\"state.imageButtonTop\"\n\t\t>\n\t\t\t<svg xmlns=\"http:\/\/www.w3.org\/2000\/svg\" width=\"12\" height=\"12\" fill=\"none\" viewBox=\"0 0 12 12\">\n\t\t\t\t<path fill=\"#fff\" d=\"M2 0a2 2 0 0 0-2 2v2h1.5V2a.5.5 0 0 1 .5-.5h2V0H2Zm2 10.5H2a.5.5 0 0 1-.5-.5V8H0v2a2 2 0 0 0 2 2h2v-1.5ZM8 12v-1.5h2a.5.5 0 0 0 .5-.5V8H12v2a2 2 0 0 1-2 2H8Zm2-12a2 2 0 0 1 2 2v2h-1.5V2a.5.5 0 0 0-.5-.5H8V0h2Z\" \/>\n\t\t\t<\/svg>\n\t\t<\/button><figcaption>A-M-A-Z-I-N-G (1\/250 @ F9.0, ISO 400, 24mm, Canon 6D)<\/figcaption><\/figure>\n\n\n\n<p>Ich habe damals meine <strong>Canon 6D Vollformatkamera <\/strong>mitgehabt. Die ist sehr schwer, da ich auf dieser Reise aber nur Fotos und keine Videos gemacht habe, war es f\u00fcr mich trotzdem ok. F\u00fcr Video h\u00e4tte ich eine eigene Kamera mitnehmen m\u00fcssen.<\/p>\n\n\n\n<figure data-wp-context=\"{&quot;imageId&quot;:&quot;69f50a8d5588b&quot;}\" data-wp-interactive=\"core\/image\" data-wp-key=\"69f50a8d5588b\" class=\"wp-block-image size-large wp-lightbox-container\"><img decoding=\"async\" data-wp-class--hide=\"state.isContentHidden\" data-wp-class--show=\"state.isContentVisible\" data-wp-init=\"callbacks.setButtonStyles\" data-wp-on--click=\"actions.showLightbox\" data-wp-on--load=\"callbacks.setButtonStyles\" data-wp-on-window--resize=\"callbacks.setButtonStyles\" src=\"http:\/\/bernhardherzog.com\/wp-content\/uploads\/sites\/2\/2020\/04\/IMG_0218-1024x683.jpg\" alt=\"\" class=\"wp-image-18928\"\/><button\n\t\t\tclass=\"lightbox-trigger\"\n\t\t\ttype=\"button\"\n\t\t\taria-haspopup=\"dialog\"\n\t\t\taria-label=\"Vergr\u00f6\u00dfern\"\n\t\t\tdata-wp-init=\"callbacks.initTriggerButton\"\n\t\t\tdata-wp-on--click=\"actions.showLightbox\"\n\t\t\tdata-wp-style--right=\"state.imageButtonRight\"\n\t\t\tdata-wp-style--top=\"state.imageButtonTop\"\n\t\t>\n\t\t\t<svg xmlns=\"http:\/\/www.w3.org\/2000\/svg\" width=\"12\" height=\"12\" fill=\"none\" viewBox=\"0 0 12 12\">\n\t\t\t\t<path fill=\"#fff\" d=\"M2 0a2 2 0 0 0-2 2v2h1.5V2a.5.5 0 0 1 .5-.5h2V0H2Zm2 10.5H2a.5.5 0 0 1-.5-.5V8H0v2a2 2 0 0 0 2 2h2v-1.5ZM8 12v-1.5h2a.5.5 0 0 0 .5-.5V8H12v2a2 2 0 0 1-2 2H8Zm2-12a2 2 0 0 1 2 2v2h-1.5V2a.5.5 0 0 0-.5-.5H8V0h2Z\" \/>\n\t\t\t<\/svg>\n\t\t<\/button><figcaption>Wandern im So\u010da-Tal (1\/250 @ F9.0, ISO 3200, 24mm, Canon 6D)<\/figcaption><\/figure>\n\n\n\n<p>Zuerst ist der Fluss ziemlich wild, wird dann aber ruhiger. Das sch\u00f6nste Foto kann man in <strong>Kanal <\/strong>von dieser Br\u00fccke machen, von der man auch ins Wasser springen kann.<\/p>\n\n\n\n<figure data-wp-context=\"{&quot;imageId&quot;:&quot;69f50a8d55ccb&quot;}\" data-wp-interactive=\"core\/image\" data-wp-key=\"69f50a8d55ccb\" class=\"wp-block-image size-large wp-lightbox-container\"><img decoding=\"async\" data-wp-class--hide=\"state.isContentHidden\" data-wp-class--show=\"state.isContentVisible\" data-wp-init=\"callbacks.setButtonStyles\" data-wp-on--click=\"actions.showLightbox\" data-wp-on--load=\"callbacks.setButtonStyles\" data-wp-on-window--resize=\"callbacks.setButtonStyles\" src=\"http:\/\/bernhardherzog.com\/wp-content\/uploads\/sites\/2\/2020\/04\/P1010915.jpg\" alt=\"\" class=\"wp-image-18927\"\/><button\n\t\t\tclass=\"lightbox-trigger\"\n\t\t\ttype=\"button\"\n\t\t\taria-haspopup=\"dialog\"\n\t\t\taria-label=\"Vergr\u00f6\u00dfern\"\n\t\t\tdata-wp-init=\"callbacks.initTriggerButton\"\n\t\t\tdata-wp-on--click=\"actions.showLightbox\"\n\t\t\tdata-wp-style--right=\"state.imageButtonRight\"\n\t\t\tdata-wp-style--top=\"state.imageButtonTop\"\n\t\t>\n\t\t\t<svg xmlns=\"http:\/\/www.w3.org\/2000\/svg\" width=\"12\" height=\"12\" fill=\"none\" viewBox=\"0 0 12 12\">\n\t\t\t\t<path fill=\"#fff\" d=\"M2 0a2 2 0 0 0-2 2v2h1.5V2a.5.5 0 0 1 .5-.5h2V0H2Zm2 10.5H2a.5.5 0 0 1-.5-.5V8H0v2a2 2 0 0 0 2 2h2v-1.5ZM8 12v-1.5h2a.5.5 0 0 0 .5-.5V8H12v2a2 2 0 0 1-2 2H8Zm2-12a2 2 0 0 1 2 2v2h-1.5V2a.5.5 0 0 0-.5-.5H8V0h2Z\" \/>\n\t\t\t<\/svg>\n\t\t<\/button><figcaption>Kanal (1\/200 @ F6.3, ISO 200, 14mm, Olympus PEN E-PL1)<\/figcaption><\/figure>\n\n\n\n<p>Wir waren aber nicht so selbstm\u00f6rderisch, zum Gl\u00fcck gibt es auch Spr\u00fcnge die weniger hoch sind!<\/p>\n\n\n\n<figure data-wp-context=\"{&quot;imageId&quot;:&quot;69f50a8d56111&quot;}\" data-wp-interactive=\"core\/image\" data-wp-key=\"69f50a8d56111\" class=\"wp-block-image size-large wp-lightbox-container\"><img decoding=\"async\" data-wp-class--hide=\"state.isContentHidden\" data-wp-class--show=\"state.isContentVisible\" data-wp-init=\"callbacks.setButtonStyles\" data-wp-on--click=\"actions.showLightbox\" data-wp-on--load=\"callbacks.setButtonStyles\" data-wp-on-window--resize=\"callbacks.setButtonStyles\" src=\"http:\/\/bernhardherzog.com\/wp-content\/uploads\/sites\/2\/2020\/04\/G0329949.jpg\" alt=\"\" class=\"wp-image-19003\"\/><button\n\t\t\tclass=\"lightbox-trigger\"\n\t\t\ttype=\"button\"\n\t\t\taria-haspopup=\"dialog\"\n\t\t\taria-label=\"Vergr\u00f6\u00dfern\"\n\t\t\tdata-wp-init=\"callbacks.initTriggerButton\"\n\t\t\tdata-wp-on--click=\"actions.showLightbox\"\n\t\t\tdata-wp-style--right=\"state.imageButtonRight\"\n\t\t\tdata-wp-style--top=\"state.imageButtonTop\"\n\t\t>\n\t\t\t<svg xmlns=\"http:\/\/www.w3.org\/2000\/svg\" width=\"12\" height=\"12\" fill=\"none\" viewBox=\"0 0 12 12\">\n\t\t\t\t<path fill=\"#fff\" d=\"M2 0a2 2 0 0 0-2 2v2h1.5V2a.5.5 0 0 1 .5-.5h2V0H2Zm2 10.5H2a.5.5 0 0 1-.5-.5V8H0v2a2 2 0 0 0 2 2h2v-1.5ZM8 12v-1.5h2a.5.5 0 0 0 .5-.5V8H12v2a2 2 0 0 1-2 2H8Zm2-12a2 2 0 0 1 2 2v2h-1.5V2a.5.5 0 0 0-.5-.5H8V0h2Z\" \/>\n\t\t\t<\/svg>\n\t\t<\/button><figcaption>Kanal (1\/1250 @ F2.8, ISO 100, 3mm, GoPro)<\/figcaption><\/figure>\n\n\n\n<h3 class=\"wp-block-heading\">8. Albanien\/Montenegro 11\/05\/2016 (Wandern)<\/h3>\n\n\n\n<p>Unsere Reise nach Albanien haben wir in <a href=\"https:\/\/www.youtube.com\/watch?v=w5nQPW5rdjs\">Dubrovnik <\/a>(Kroatien) gestartet. Auch wenn der Ort sehr sch\u00f6n ist, ist er doch sehr touristisch, deswegen will ich hier keinen weiteren Worte \u00fcber ihn verlieren.<\/p>\n\n\n\n<p>Wir sind mit dem Bus weitergefahren und ein Naturjuwel sondergleichen ist die <strong>Bucht von Kotor <\/strong>in Montenegro. Wir sind mit dem Fahrrad um den See gefahren.<\/p>\n\n\n\n<figure data-wp-context=\"{&quot;imageId&quot;:&quot;69f50a8d565c0&quot;}\" data-wp-interactive=\"core\/image\" data-wp-key=\"69f50a8d565c0\" class=\"wp-block-image size-large wp-lightbox-container\"><img decoding=\"async\" data-wp-class--hide=\"state.isContentHidden\" data-wp-class--show=\"state.isContentVisible\" data-wp-init=\"callbacks.setButtonStyles\" data-wp-on--click=\"actions.showLightbox\" data-wp-on--load=\"callbacks.setButtonStyles\" data-wp-on-window--resize=\"callbacks.setButtonStyles\" src=\"http:\/\/bernhardherzog.com\/wp-content\/uploads\/sites\/2\/2020\/04\/P7690107-1-1024x769.jpg\" alt=\"\" class=\"wp-image-18984\"\/><button\n\t\t\tclass=\"lightbox-trigger\"\n\t\t\ttype=\"button\"\n\t\t\taria-haspopup=\"dialog\"\n\t\t\taria-label=\"Vergr\u00f6\u00dfern\"\n\t\t\tdata-wp-init=\"callbacks.initTriggerButton\"\n\t\t\tdata-wp-on--click=\"actions.showLightbox\"\n\t\t\tdata-wp-style--right=\"state.imageButtonRight\"\n\t\t\tdata-wp-style--top=\"state.imageButtonTop\"\n\t\t>\n\t\t\t<svg xmlns=\"http:\/\/www.w3.org\/2000\/svg\" width=\"12\" height=\"12\" fill=\"none\" viewBox=\"0 0 12 12\">\n\t\t\t\t<path fill=\"#fff\" d=\"M2 0a2 2 0 0 0-2 2v2h1.5V2a.5.5 0 0 1 .5-.5h2V0H2Zm2 10.5H2a.5.5 0 0 1-.5-.5V8H0v2a2 2 0 0 0 2 2h2v-1.5ZM8 12v-1.5h2a.5.5 0 0 0 .5-.5V8H12v2a2 2 0 0 1-2 2H8Zm2-12a2 2 0 0 1 2 2v2h-1.5V2a.5.5 0 0 0-.5-.5H8V0h2Z\" \/>\n\t\t\t<\/svg>\n\t\t<\/button><figcaption>Bucht von Kotor (1\/1000 @ F8.0, ISO 200, 12mm, Panasonic Lumix)<\/figcaption><\/figure>\n\n\n\n<p>Ich habe damals noch mit einer <strong>Micro-4\/3 Kamera von Panasonic <\/strong>fotografiert. Oft w\u00fcnsche ich mir wieder so eine kleine und leichte Kamera zur\u00fcck!<\/p>\n\n\n\n<figure data-wp-context=\"{&quot;imageId&quot;:&quot;69f50a8d569a5&quot;}\" data-wp-interactive=\"core\/image\" data-wp-key=\"69f50a8d569a5\" class=\"wp-block-image size-large wp-lightbox-container\"><img decoding=\"async\" data-wp-class--hide=\"state.isContentHidden\" data-wp-class--show=\"state.isContentVisible\" data-wp-init=\"callbacks.setButtonStyles\" data-wp-on--click=\"actions.showLightbox\" data-wp-on--load=\"callbacks.setButtonStyles\" data-wp-on-window--resize=\"callbacks.setButtonStyles\" src=\"http:\/\/bernhardherzog.com\/wp-content\/uploads\/sites\/2\/2020\/04\/P7690171-1-769x1024.jpg\" alt=\"\" class=\"wp-image-18981\"\/><button\n\t\t\tclass=\"lightbox-trigger\"\n\t\t\ttype=\"button\"\n\t\t\taria-haspopup=\"dialog\"\n\t\t\taria-label=\"Vergr\u00f6\u00dfern\"\n\t\t\tdata-wp-init=\"callbacks.initTriggerButton\"\n\t\t\tdata-wp-on--click=\"actions.showLightbox\"\n\t\t\tdata-wp-style--right=\"state.imageButtonRight\"\n\t\t\tdata-wp-style--top=\"state.imageButtonTop\"\n\t\t>\n\t\t\t<svg xmlns=\"http:\/\/www.w3.org\/2000\/svg\" width=\"12\" height=\"12\" fill=\"none\" viewBox=\"0 0 12 12\">\n\t\t\t\t<path fill=\"#fff\" d=\"M2 0a2 2 0 0 0-2 2v2h1.5V2a.5.5 0 0 1 .5-.5h2V0H2Zm2 10.5H2a.5.5 0 0 1-.5-.5V8H0v2a2 2 0 0 0 2 2h2v-1.5ZM8 12v-1.5h2a.5.5 0 0 0 .5-.5V8H12v2a2 2 0 0 1-2 2H8Zm2-12a2 2 0 0 1 2 2v2h-1.5V2a.5.5 0 0 0-.5-.5H8V0h2Z\" \/>\n\t\t\t<\/svg>\n\t\t<\/button><figcaption>Panasonic Lumix Micro 4\/3 (1\/250 @ F8.0, ISO 200, 12mm, Panasonic Lumix)<\/figcaption><\/figure>\n\n\n\n<p>Der sch\u00f6nste Ort ist <strong>Kotor <\/strong>und der Blick von der Burg auf den See ist der beste Foto-Spot.<\/p>\n\n\n\n<figure data-wp-context=\"{&quot;imageId&quot;:&quot;69f50a8d56dce&quot;}\" data-wp-interactive=\"core\/image\" data-wp-key=\"69f50a8d56dce\" class=\"wp-block-image size-large wp-lightbox-container\"><img decoding=\"async\" data-wp-class--hide=\"state.isContentHidden\" data-wp-class--show=\"state.isContentVisible\" data-wp-init=\"callbacks.setButtonStyles\" data-wp-on--click=\"actions.showLightbox\" data-wp-on--load=\"callbacks.setButtonStyles\" data-wp-on-window--resize=\"callbacks.setButtonStyles\" src=\"http:\/\/bernhardherzog.com\/wp-content\/uploads\/sites\/2\/2020\/04\/IMG_0150-1024x494.jpg\" alt=\"\" class=\"wp-image-19040\"\/><button\n\t\t\tclass=\"lightbox-trigger\"\n\t\t\ttype=\"button\"\n\t\t\taria-haspopup=\"dialog\"\n\t\t\taria-label=\"Vergr\u00f6\u00dfern\"\n\t\t\tdata-wp-init=\"callbacks.initTriggerButton\"\n\t\t\tdata-wp-on--click=\"actions.showLightbox\"\n\t\t\tdata-wp-style--right=\"state.imageButtonRight\"\n\t\t\tdata-wp-style--top=\"state.imageButtonTop\"\n\t\t>\n\t\t\t<svg xmlns=\"http:\/\/www.w3.org\/2000\/svg\" width=\"12\" height=\"12\" fill=\"none\" viewBox=\"0 0 12 12\">\n\t\t\t\t<path fill=\"#fff\" d=\"M2 0a2 2 0 0 0-2 2v2h1.5V2a.5.5 0 0 1 .5-.5h2V0H2Zm2 10.5H2a.5.5 0 0 1-.5-.5V8H0v2a2 2 0 0 0 2 2h2v-1.5ZM8 12v-1.5h2a.5.5 0 0 0 .5-.5V8H12v2a2 2 0 0 1-2 2H8Zm2-12a2 2 0 0 1 2 2v2h-1.5V2a.5.5 0 0 0-.5-.5H8V0h2Z\" \/>\n\t\t\t<\/svg>\n\t\t<\/button><figcaption>(1\/1600 @ F2.2, ISO 32, 4.15mm, iPhone 6 back camera)<\/figcaption><\/figure>\n\n\n\n<figure data-wp-context=\"{&quot;imageId&quot;:&quot;69f50a8d57186&quot;}\" data-wp-interactive=\"core\/image\" data-wp-key=\"69f50a8d57186\" class=\"wp-block-image size-large wp-lightbox-container\"><img decoding=\"async\" data-wp-class--hide=\"state.isContentHidden\" data-wp-class--show=\"state.isContentVisible\" data-wp-init=\"callbacks.setButtonStyles\" data-wp-on--click=\"actions.showLightbox\" data-wp-on--load=\"callbacks.setButtonStyles\" data-wp-on-window--resize=\"callbacks.setButtonStyles\" src=\"http:\/\/bernhardherzog.com\/wp-content\/uploads\/sites\/2\/2020\/04\/G1570630.jpg\" alt=\"\" class=\"wp-image-18982\"\/><button\n\t\t\tclass=\"lightbox-trigger\"\n\t\t\ttype=\"button\"\n\t\t\taria-haspopup=\"dialog\"\n\t\t\taria-label=\"Vergr\u00f6\u00dfern\"\n\t\t\tdata-wp-init=\"callbacks.initTriggerButton\"\n\t\t\tdata-wp-on--click=\"actions.showLightbox\"\n\t\t\tdata-wp-style--right=\"state.imageButtonRight\"\n\t\t\tdata-wp-style--top=\"state.imageButtonTop\"\n\t\t>\n\t\t\t<svg xmlns=\"http:\/\/www.w3.org\/2000\/svg\" width=\"12\" height=\"12\" fill=\"none\" viewBox=\"0 0 12 12\">\n\t\t\t\t<path fill=\"#fff\" d=\"M2 0a2 2 0 0 0-2 2v2h1.5V2a.5.5 0 0 1 .5-.5h2V0H2Zm2 10.5H2a.5.5 0 0 1-.5-.5V8H0v2a2 2 0 0 0 2 2h2v-1.5ZM8 12v-1.5h2a.5.5 0 0 0 .5-.5V8H12v2a2 2 0 0 1-2 2H8Zm2-12a2 2 0 0 1 2 2v2h-1.5V2a.5.5 0 0 0-.5-.5H8V0h2Z\" \/>\n\t\t\t<\/svg>\n\t\t<\/button><figcaption>die beste Aussicht auf die Bucht von Kotor (1\/500 @ F2.8, ISO 100, 3mm, GoPro)<\/figcaption><\/figure>\n\n\n\n<figure class=\"wp-block-embed is-type-video is-provider-youtube wp-block-embed-youtube wp-embed-aspect-16-9 wp-has-aspect-ratio\"><div class=\"wp-block-embed__wrapper\">\n<iframe loading=\"lazy\" title=\"Kotor\" width=\"500\" height=\"281\" src=\"https:\/\/www.youtube.com\/embed\/kzvmNVA8AB0?feature=oembed\" frameborder=\"0\" allow=\"accelerometer; autoplay; clipboard-write; encrypted-media; gyroscope; picture-in-picture; web-share\" referrerpolicy=\"strict-origin-when-cross-origin\" allowfullscreen><\/iframe>\n<\/div><\/figure>\n\n\n\n<p>Unser Highlight war aber in <strong>Albanien <\/strong>die \u00dcberschreitung des <strong>Valbona-Passes <\/strong>nach <strong>Theth<\/strong>. Schon die Anreise zur Wanderung mit dem Schiff ist ein Abenteuer.<\/p>\n\n\n\n<figure data-wp-context=\"{&quot;imageId&quot;:&quot;69f50a8d57598&quot;}\" data-wp-interactive=\"core\/image\" data-wp-key=\"69f50a8d57598\" class=\"wp-block-image size-large wp-lightbox-container\"><img decoding=\"async\" data-wp-class--hide=\"state.isContentHidden\" data-wp-class--show=\"state.isContentVisible\" data-wp-init=\"callbacks.setButtonStyles\" data-wp-on--click=\"actions.showLightbox\" data-wp-on--load=\"callbacks.setButtonStyles\" data-wp-on-window--resize=\"callbacks.setButtonStyles\" src=\"http:\/\/bernhardherzog.com\/wp-content\/uploads\/sites\/2\/2020\/04\/P7690331-1024x769.jpg\" alt=\"\" class=\"wp-image-18992\"\/><button\n\t\t\tclass=\"lightbox-trigger\"\n\t\t\ttype=\"button\"\n\t\t\taria-haspopup=\"dialog\"\n\t\t\taria-label=\"Vergr\u00f6\u00dfern\"\n\t\t\tdata-wp-init=\"callbacks.initTriggerButton\"\n\t\t\tdata-wp-on--click=\"actions.showLightbox\"\n\t\t\tdata-wp-style--right=\"state.imageButtonRight\"\n\t\t\tdata-wp-style--top=\"state.imageButtonTop\"\n\t\t>\n\t\t\t<svg xmlns=\"http:\/\/www.w3.org\/2000\/svg\" width=\"12\" height=\"12\" fill=\"none\" viewBox=\"0 0 12 12\">\n\t\t\t\t<path fill=\"#fff\" d=\"M2 0a2 2 0 0 0-2 2v2h1.5V2a.5.5 0 0 1 .5-.5h2V0H2Zm2 10.5H2a.5.5 0 0 1-.5-.5V8H0v2a2 2 0 0 0 2 2h2v-1.5ZM8 12v-1.5h2a.5.5 0 0 0 .5-.5V8H12v2a2 2 0 0 1-2 2H8Zm2-12a2 2 0 0 1 2 2v2h-1.5V2a.5.5 0 0 0-.5-.5H8V0h2Z\" \/>\n\t\t\t<\/svg>\n\t\t<\/button><figcaption>Koman-Stausee (1\/500 @ F8.0, ISO 200, 12mm, Panasonic Lumix)<\/figcaption><\/figure>\n\n\n\n<figure data-wp-context=\"{&quot;imageId&quot;:&quot;69f50a8d5792d&quot;}\" data-wp-interactive=\"core\/image\" data-wp-key=\"69f50a8d5792d\" class=\"wp-block-image size-large wp-lightbox-container\"><img decoding=\"async\" data-wp-class--hide=\"state.isContentHidden\" data-wp-class--show=\"state.isContentVisible\" data-wp-init=\"callbacks.setButtonStyles\" data-wp-on--click=\"actions.showLightbox\" data-wp-on--load=\"callbacks.setButtonStyles\" data-wp-on-window--resize=\"callbacks.setButtonStyles\" src=\"http:\/\/bernhardherzog.com\/wp-content\/uploads\/sites\/2\/2020\/04\/P7690422-1-1024x769.jpg\" alt=\"\" class=\"wp-image-18985\"\/><button\n\t\t\tclass=\"lightbox-trigger\"\n\t\t\ttype=\"button\"\n\t\t\taria-haspopup=\"dialog\"\n\t\t\taria-label=\"Vergr\u00f6\u00dfern\"\n\t\t\tdata-wp-init=\"callbacks.initTriggerButton\"\n\t\t\tdata-wp-on--click=\"actions.showLightbox\"\n\t\t\tdata-wp-style--right=\"state.imageButtonRight\"\n\t\t\tdata-wp-style--top=\"state.imageButtonTop\"\n\t\t>\n\t\t\t<svg xmlns=\"http:\/\/www.w3.org\/2000\/svg\" width=\"12\" height=\"12\" fill=\"none\" viewBox=\"0 0 12 12\">\n\t\t\t\t<path fill=\"#fff\" d=\"M2 0a2 2 0 0 0-2 2v2h1.5V2a.5.5 0 0 1 .5-.5h2V0H2Zm2 10.5H2a.5.5 0 0 1-.5-.5V8H0v2a2 2 0 0 0 2 2h2v-1.5ZM8 12v-1.5h2a.5.5 0 0 0 .5-.5V8H12v2a2 2 0 0 1-2 2H8Zm2-12a2 2 0 0 1 2 2v2h-1.5V2a.5.5 0 0 0-.5-.5H8V0h2Z\" \/>\n\t\t\t<\/svg>\n\t\t<\/button><figcaption>Achtung vor dem Stier (1\/200 @ F8.0, ISO 200, 12mm, Panasonic Lumix)<\/figcaption><\/figure>\n\n\n\n<p>Zuerst wollten sie uns nicht ohne F\u00fchrer gehen lassen, es sei zu gef\u00e4hrlich, da am Weg oben noch Schnee lag und dort schon Menschen verungl\u00fcckt waren.<\/p>\n\n\n\n<figure data-wp-context=\"{&quot;imageId&quot;:&quot;69f50a8d57cfa&quot;}\" data-wp-interactive=\"core\/image\" data-wp-key=\"69f50a8d57cfa\" class=\"wp-block-image size-large wp-lightbox-container\"><img decoding=\"async\" data-wp-class--hide=\"state.isContentHidden\" data-wp-class--show=\"state.isContentVisible\" data-wp-init=\"callbacks.setButtonStyles\" data-wp-on--click=\"actions.showLightbox\" data-wp-on--load=\"callbacks.setButtonStyles\" data-wp-on-window--resize=\"callbacks.setButtonStyles\" src=\"http:\/\/bernhardherzog.com\/wp-content\/uploads\/sites\/2\/2020\/04\/P7690453-769x1024.jpg\" alt=\"\" class=\"wp-image-18986\"\/><button\n\t\t\tclass=\"lightbox-trigger\"\n\t\t\ttype=\"button\"\n\t\t\taria-haspopup=\"dialog\"\n\t\t\taria-label=\"Vergr\u00f6\u00dfern\"\n\t\t\tdata-wp-init=\"callbacks.initTriggerButton\"\n\t\t\tdata-wp-on--click=\"actions.showLightbox\"\n\t\t\tdata-wp-style--right=\"state.imageButtonRight\"\n\t\t\tdata-wp-style--top=\"state.imageButtonTop\"\n\t\t>\n\t\t\t<svg xmlns=\"http:\/\/www.w3.org\/2000\/svg\" width=\"12\" height=\"12\" fill=\"none\" viewBox=\"0 0 12 12\">\n\t\t\t\t<path fill=\"#fff\" d=\"M2 0a2 2 0 0 0-2 2v2h1.5V2a.5.5 0 0 1 .5-.5h2V0H2Zm2 10.5H2a.5.5 0 0 1-.5-.5V8H0v2a2 2 0 0 0 2 2h2v-1.5ZM8 12v-1.5h2a.5.5 0 0 0 .5-.5V8H12v2a2 2 0 0 1-2 2H8Zm2-12a2 2 0 0 1 2 2v2h-1.5V2a.5.5 0 0 0-.5-.5H8V0h2Z\" \/>\n\t\t\t<\/svg>\n\t\t<\/button><figcaption>Schnee am Valbona-Pass (1\/640 @ F5.6, ISO 200, 12mm, Panasonic Lumix)<\/figcaption><\/figure>\n\n\n\n<p>Dann haben sie uns aber doch im letzten Moment verraten, dass es einen alternativen Aufstiegsweg gibt.<\/p>\n\n\n\n<figure data-wp-context=\"{&quot;imageId&quot;:&quot;69f50a8d580f7&quot;}\" data-wp-interactive=\"core\/image\" data-wp-key=\"69f50a8d580f7\" class=\"wp-block-image size-large wp-lightbox-container\"><img decoding=\"async\" data-wp-class--hide=\"state.isContentHidden\" data-wp-class--show=\"state.isContentVisible\" data-wp-init=\"callbacks.setButtonStyles\" data-wp-on--click=\"actions.showLightbox\" data-wp-on--load=\"callbacks.setButtonStyles\" data-wp-on-window--resize=\"callbacks.setButtonStyles\" src=\"http:\/\/bernhardherzog.com\/wp-content\/uploads\/sites\/2\/2020\/04\/P7690441-1-1024x769.jpg\" alt=\"\" class=\"wp-image-18987\"\/><button\n\t\t\tclass=\"lightbox-trigger\"\n\t\t\ttype=\"button\"\n\t\t\taria-haspopup=\"dialog\"\n\t\t\taria-label=\"Vergr\u00f6\u00dfern\"\n\t\t\tdata-wp-init=\"callbacks.initTriggerButton\"\n\t\t\tdata-wp-on--click=\"actions.showLightbox\"\n\t\t\tdata-wp-style--right=\"state.imageButtonRight\"\n\t\t\tdata-wp-style--top=\"state.imageButtonTop\"\n\t\t>\n\t\t\t<svg xmlns=\"http:\/\/www.w3.org\/2000\/svg\" width=\"12\" height=\"12\" fill=\"none\" viewBox=\"0 0 12 12\">\n\t\t\t\t<path fill=\"#fff\" d=\"M2 0a2 2 0 0 0-2 2v2h1.5V2a.5.5 0 0 1 .5-.5h2V0H2Zm2 10.5H2a.5.5 0 0 1-.5-.5V8H0v2a2 2 0 0 0 2 2h2v-1.5ZM8 12v-1.5h2a.5.5 0 0 0 .5-.5V8H12v2a2 2 0 0 1-2 2H8Zm2-12a2 2 0 0 1 2 2v2h-1.5V2a.5.5 0 0 0-.5-.5H8V0h2Z\" \/>\n\t\t\t<\/svg>\n\t\t<\/button><figcaption>am Weg nach Theth (1\/1000 @ F5.6, ISO 200, 14mm, Panasonic Lumix)<\/figcaption><\/figure>\n\n\n\n<p>Die Aussicht vom Pass war unvergleichlich.<\/p>\n\n\n\n<figure data-wp-context=\"{&quot;imageId&quot;:&quot;69f50a8d584a4&quot;}\" data-wp-interactive=\"core\/image\" data-wp-key=\"69f50a8d584a4\" class=\"wp-block-image size-large wp-lightbox-container\"><img decoding=\"async\" data-wp-class--hide=\"state.isContentHidden\" data-wp-class--show=\"state.isContentVisible\" data-wp-init=\"callbacks.setButtonStyles\" data-wp-on--click=\"actions.showLightbox\" data-wp-on--load=\"callbacks.setButtonStyles\" data-wp-on-window--resize=\"callbacks.setButtonStyles\" src=\"http:\/\/bernhardherzog.com\/wp-content\/uploads\/sites\/2\/2020\/04\/G1840936-1.jpg\" alt=\"\" class=\"wp-image-18988\"\/><button\n\t\t\tclass=\"lightbox-trigger\"\n\t\t\ttype=\"button\"\n\t\t\taria-haspopup=\"dialog\"\n\t\t\taria-label=\"Vergr\u00f6\u00dfern\"\n\t\t\tdata-wp-init=\"callbacks.initTriggerButton\"\n\t\t\tdata-wp-on--click=\"actions.showLightbox\"\n\t\t\tdata-wp-style--right=\"state.imageButtonRight\"\n\t\t\tdata-wp-style--top=\"state.imageButtonTop\"\n\t\t>\n\t\t\t<svg xmlns=\"http:\/\/www.w3.org\/2000\/svg\" width=\"12\" height=\"12\" fill=\"none\" viewBox=\"0 0 12 12\">\n\t\t\t\t<path fill=\"#fff\" d=\"M2 0a2 2 0 0 0-2 2v2h1.5V2a.5.5 0 0 1 .5-.5h2V0H2Zm2 10.5H2a.5.5 0 0 1-.5-.5V8H0v2a2 2 0 0 0 2 2h2v-1.5ZM8 12v-1.5h2a.5.5 0 0 0 .5-.5V8H12v2a2 2 0 0 1-2 2H8Zm2-12a2 2 0 0 1 2 2v2h-1.5V2a.5.5 0 0 0-.5-.5H8V0h2Z\" \/>\n\t\t\t<\/svg>\n\t\t<\/button><figcaption>Aussicht vom Valbona Pass (1\/800 @ F2.8, ISO 100, 3mm, GoPro)<\/figcaption><\/figure>\n\n\n\n<p>Wer bis dort seine gute Kamera mitschleppt wird mit den besten Fotos zur\u00fcckkommen!<\/p>\n\n\n\n<figure data-wp-context=\"{&quot;imageId&quot;:&quot;69f50a8d5883f&quot;}\" data-wp-interactive=\"core\/image\" data-wp-key=\"69f50a8d5883f\" class=\"wp-block-image size-large wp-lightbox-container\"><img decoding=\"async\" data-wp-class--hide=\"state.isContentHidden\" data-wp-class--show=\"state.isContentVisible\" data-wp-init=\"callbacks.setButtonStyles\" data-wp-on--click=\"actions.showLightbox\" data-wp-on--load=\"callbacks.setButtonStyles\" data-wp-on-window--resize=\"callbacks.setButtonStyles\" src=\"http:\/\/bernhardherzog.com\/wp-content\/uploads\/sites\/2\/2020\/04\/IMG_0448-1024x485.jpg\" alt=\"\" class=\"wp-image-19041\"\/><button\n\t\t\tclass=\"lightbox-trigger\"\n\t\t\ttype=\"button\"\n\t\t\taria-haspopup=\"dialog\"\n\t\t\taria-label=\"Vergr\u00f6\u00dfern\"\n\t\t\tdata-wp-init=\"callbacks.initTriggerButton\"\n\t\t\tdata-wp-on--click=\"actions.showLightbox\"\n\t\t\tdata-wp-style--right=\"state.imageButtonRight\"\n\t\t\tdata-wp-style--top=\"state.imageButtonTop\"\n\t\t>\n\t\t\t<svg xmlns=\"http:\/\/www.w3.org\/2000\/svg\" width=\"12\" height=\"12\" fill=\"none\" viewBox=\"0 0 12 12\">\n\t\t\t\t<path fill=\"#fff\" d=\"M2 0a2 2 0 0 0-2 2v2h1.5V2a.5.5 0 0 1 .5-.5h2V0H2Zm2 10.5H2a.5.5 0 0 1-.5-.5V8H0v2a2 2 0 0 0 2 2h2v-1.5ZM8 12v-1.5h2a.5.5 0 0 0 .5-.5V8H12v2a2 2 0 0 1-2 2H8Zm2-12a2 2 0 0 1 2 2v2h-1.5V2a.5.5 0 0 0-.5-.5H8V0h2Z\" \/>\n\t\t\t<\/svg>\n\t\t<\/button><figcaption>Gebirge in Albanien (1\/100 @ F2.2, ISO 64, 4.15mm, iPhone 6 back camera)<\/figcaption><\/figure>\n\n\n\n<p>Wie gesagt, ich hatte nur die kleine und leichte Panasonic Kamera und eine <strong>GoPro <\/strong>dabei und hatte es daf\u00fcr leichter.<\/p>\n\n\n\n<figure data-wp-context=\"{&quot;imageId&quot;:&quot;69f50a8d58bff&quot;}\" data-wp-interactive=\"core\/image\" data-wp-key=\"69f50a8d58bff\" class=\"wp-block-image size-large wp-lightbox-container\"><img decoding=\"async\" data-wp-class--hide=\"state.isContentHidden\" data-wp-class--show=\"state.isContentVisible\" data-wp-init=\"callbacks.setButtonStyles\" data-wp-on--click=\"actions.showLightbox\" data-wp-on--load=\"callbacks.setButtonStyles\" data-wp-on-window--resize=\"callbacks.setButtonStyles\" src=\"http:\/\/bernhardherzog.com\/wp-content\/uploads\/sites\/2\/2020\/04\/P7690444-769x1024.jpg\" alt=\"\" class=\"wp-image-18990\"\/><button\n\t\t\tclass=\"lightbox-trigger\"\n\t\t\ttype=\"button\"\n\t\t\taria-haspopup=\"dialog\"\n\t\t\taria-label=\"Vergr\u00f6\u00dfern\"\n\t\t\tdata-wp-init=\"callbacks.initTriggerButton\"\n\t\t\tdata-wp-on--click=\"actions.showLightbox\"\n\t\t\tdata-wp-style--right=\"state.imageButtonRight\"\n\t\t\tdata-wp-style--top=\"state.imageButtonTop\"\n\t\t>\n\t\t\t<svg xmlns=\"http:\/\/www.w3.org\/2000\/svg\" width=\"12\" height=\"12\" fill=\"none\" viewBox=\"0 0 12 12\">\n\t\t\t\t<path fill=\"#fff\" d=\"M2 0a2 2 0 0 0-2 2v2h1.5V2a.5.5 0 0 1 .5-.5h2V0H2Zm2 10.5H2a.5.5 0 0 1-.5-.5V8H0v2a2 2 0 0 0 2 2h2v-1.5ZM8 12v-1.5h2a.5.5 0 0 0 .5-.5V8H12v2a2 2 0 0 1-2 2H8Zm2-12a2 2 0 0 1 2 2v2h-1.5V2a.5.5 0 0 0-.5-.5H8V0h2Z\" \/>\n\t\t\t<\/svg>\n\t\t<\/button><figcaption>Fotos vom Valbona-Pass (1\/500 @ F5.6, ISO 200, 12mm, Panasonic Lumix)<\/figcaption><\/figure>\n\n\n\n<p>Die Gegend hatte etwas urspr\u00fcngliches und wildes, das ich von \u00d6sterreich so nicht kenne.<\/p>\n\n\n\n<figure data-wp-context=\"{&quot;imageId&quot;:&quot;69f50a8d58fd6&quot;}\" data-wp-interactive=\"core\/image\" data-wp-key=\"69f50a8d58fd6\" class=\"wp-block-image size-large wp-lightbox-container\"><img decoding=\"async\" data-wp-class--hide=\"state.isContentHidden\" data-wp-class--show=\"state.isContentVisible\" data-wp-init=\"callbacks.setButtonStyles\" data-wp-on--click=\"actions.showLightbox\" data-wp-on--load=\"callbacks.setButtonStyles\" data-wp-on-window--resize=\"callbacks.setButtonStyles\" src=\"http:\/\/bernhardherzog.com\/wp-content\/uploads\/sites\/2\/2020\/04\/P7690494-1-1024x769.jpg\" alt=\"\" class=\"wp-image-18991\"\/><button\n\t\t\tclass=\"lightbox-trigger\"\n\t\t\ttype=\"button\"\n\t\t\taria-haspopup=\"dialog\"\n\t\t\taria-label=\"Vergr\u00f6\u00dfern\"\n\t\t\tdata-wp-init=\"callbacks.initTriggerButton\"\n\t\t\tdata-wp-on--click=\"actions.showLightbox\"\n\t\t\tdata-wp-style--right=\"state.imageButtonRight\"\n\t\t\tdata-wp-style--top=\"state.imageButtonTop\"\n\t\t>\n\t\t\t<svg xmlns=\"http:\/\/www.w3.org\/2000\/svg\" width=\"12\" height=\"12\" fill=\"none\" viewBox=\"0 0 12 12\">\n\t\t\t\t<path fill=\"#fff\" d=\"M2 0a2 2 0 0 0-2 2v2h1.5V2a.5.5 0 0 1 .5-.5h2V0H2Zm2 10.5H2a.5.5 0 0 1-.5-.5V8H0v2a2 2 0 0 0 2 2h2v-1.5ZM8 12v-1.5h2a.5.5 0 0 0 .5-.5V8H12v2a2 2 0 0 1-2 2H8Zm2-12a2 2 0 0 1 2 2v2h-1.5V2a.5.5 0 0 0-.5-.5H8V0h2Z\" \/>\n\t\t\t<\/svg>\n\t\t<\/button><figcaption>Theth (2.0 @ F10, ISO 200, 12mm, Panasonic Lumix)<\/figcaption><\/figure>\n\n\n\n<p>Teth war ein Ort, der nur mit Gel\u00e4ndewagen zu erreichen war. Ich f\u00fcrchte, dass sich das inzwischen ge\u00e4ndert hat. Die Videos habe ich nur mit der <strong>GoPro <\/strong>gemacht und ist trotzdem eines meines erfolgreichsten, ein Beweis daf\u00fcr, dass es mehr auf den Inhalt als auf die Kamera ankommt!<\/p>\n\n\n\n<figure class=\"wp-block-embed is-type-video is-provider-youtube wp-block-embed-youtube wp-embed-aspect-16-9 wp-has-aspect-ratio\"><div class=\"wp-block-embed__wrapper\">\n<iframe loading=\"lazy\" title=\"Shkodra\" width=\"500\" height=\"281\" src=\"https:\/\/www.youtube.com\/embed\/GJRF-0zqGJg?feature=oembed\" frameborder=\"0\" allow=\"accelerometer; autoplay; clipboard-write; encrypted-media; gyroscope; picture-in-picture; web-share\" referrerpolicy=\"strict-origin-when-cross-origin\" allowfullscreen><\/iframe>\n<\/div><\/figure>\n\n\n\n<h3 class=\"wp-block-heading\">9. Bulgarien 10\/2016<\/h3>\n\n\n\n<p>Bulgarien hat einiges zu bieten. Z.B. auch interessante Str\u00e4nde. Wir waren bis jetzt nur im Landesinnere, dort gibt es jedoch auch einiges zu entdecken.<\/p>\n\n\n\n<p>Sofia die Hauptstadt hat einige kommunistische Relikte zu bieten. Wer Fotos von <strong>kommunistischer Architektur <\/strong>machen will, ist dort goldrichtig.<\/p>\n\n\n\n<figure data-wp-context=\"{&quot;imageId&quot;:&quot;69f50a8d5949f&quot;}\" data-wp-interactive=\"core\/image\" data-wp-key=\"69f50a8d5949f\" class=\"wp-block-image size-large wp-lightbox-container\"><img decoding=\"async\" data-wp-class--hide=\"state.isContentHidden\" data-wp-class--show=\"state.isContentVisible\" data-wp-init=\"callbacks.setButtonStyles\" data-wp-on--click=\"actions.showLightbox\" data-wp-on--load=\"callbacks.setButtonStyles\" data-wp-on-window--resize=\"callbacks.setButtonStyles\" src=\"http:\/\/bernhardherzog.com\/wp-content\/uploads\/sites\/2\/2020\/04\/IMG_3702-1-768x1024.jpg\" alt=\"\" class=\"wp-image-19037\"\/><button\n\t\t\tclass=\"lightbox-trigger\"\n\t\t\ttype=\"button\"\n\t\t\taria-haspopup=\"dialog\"\n\t\t\taria-label=\"Vergr\u00f6\u00dfern\"\n\t\t\tdata-wp-init=\"callbacks.initTriggerButton\"\n\t\t\tdata-wp-on--click=\"actions.showLightbox\"\n\t\t\tdata-wp-style--right=\"state.imageButtonRight\"\n\t\t\tdata-wp-style--top=\"state.imageButtonTop\"\n\t\t>\n\t\t\t<svg xmlns=\"http:\/\/www.w3.org\/2000\/svg\" width=\"12\" height=\"12\" fill=\"none\" viewBox=\"0 0 12 12\">\n\t\t\t\t<path fill=\"#fff\" d=\"M2 0a2 2 0 0 0-2 2v2h1.5V2a.5.5 0 0 1 .5-.5h2V0H2Zm2 10.5H2a.5.5 0 0 1-.5-.5V8H0v2a2 2 0 0 0 2 2h2v-1.5ZM8 12v-1.5h2a.5.5 0 0 0 .5-.5V8H12v2a2 2 0 0 1-2 2H8Zm2-12a2 2 0 0 1 2 2v2h-1.5V2a.5.5 0 0 0-.5-.5H8V0h2Z\" \/>\n\t\t\t<\/svg>\n\t\t<\/button><figcaption>(1\/300 @ F2.2, ISO 300, 4.15mm, iPhone 6 back camera)<\/figcaption><\/figure>\n\n\n\n<p><\/p>\n\n\n\n<figure data-wp-context=\"{&quot;imageId&quot;:&quot;69f50a8d598a5&quot;}\" data-wp-interactive=\"core\/image\" data-wp-key=\"69f50a8d598a5\" class=\"wp-block-image size-large wp-lightbox-container\"><img decoding=\"async\" data-wp-class--hide=\"state.isContentHidden\" data-wp-class--show=\"state.isContentVisible\" data-wp-init=\"callbacks.setButtonStyles\" data-wp-on--click=\"actions.showLightbox\" data-wp-on--load=\"callbacks.setButtonStyles\" data-wp-on-window--resize=\"callbacks.setButtonStyles\" src=\"http:\/\/bernhardherzog.com\/wp-content\/uploads\/sites\/2\/2020\/04\/P1011292-1.jpg\" alt=\"\" class=\"wp-image-19038\"\/><button\n\t\t\tclass=\"lightbox-trigger\"\n\t\t\ttype=\"button\"\n\t\t\taria-haspopup=\"dialog\"\n\t\t\taria-label=\"Vergr\u00f6\u00dfern\"\n\t\t\tdata-wp-init=\"callbacks.initTriggerButton\"\n\t\t\tdata-wp-on--click=\"actions.showLightbox\"\n\t\t\tdata-wp-style--right=\"state.imageButtonRight\"\n\t\t\tdata-wp-style--top=\"state.imageButtonTop\"\n\t\t>\n\t\t\t<svg xmlns=\"http:\/\/www.w3.org\/2000\/svg\" width=\"12\" height=\"12\" fill=\"none\" viewBox=\"0 0 12 12\">\n\t\t\t\t<path fill=\"#fff\" d=\"M2 0a2 2 0 0 0-2 2v2h1.5V2a.5.5 0 0 1 .5-.5h2V0H2Zm2 10.5H2a.5.5 0 0 1-.5-.5V8H0v2a2 2 0 0 0 2 2h2v-1.5ZM8 12v-1.5h2a.5.5 0 0 0 .5-.5V8H12v2a2 2 0 0 1-2 2H8Zm2-12a2 2 0 0 1 2 2v2h-1.5V2a.5.5 0 0 0-.5-.5H8V0h2Z\" \/>\n\t\t\t<\/svg>\n\t\t<\/button><figcaption>Sofia (1\/320 @ F22.0, ISO 6400, 67mm, Canon 6D)<\/figcaption><\/figure>\n\n\n\n<p>Uns hat am besten <strong>Plovdiv <\/strong>und die Umgebung gefallen. Es gibt dort einige sch\u00f6ne <strong>Kl\u00f6ster<\/strong>.<\/p>\n\n\n\n<figure data-wp-context=\"{&quot;imageId&quot;:&quot;69f50a8d59cba&quot;}\" data-wp-interactive=\"core\/image\" data-wp-key=\"69f50a8d59cba\" class=\"wp-block-image size-large wp-lightbox-container\"><img decoding=\"async\" data-wp-class--hide=\"state.isContentHidden\" data-wp-class--show=\"state.isContentVisible\" data-wp-init=\"callbacks.setButtonStyles\" data-wp-on--click=\"actions.showLightbox\" data-wp-on--load=\"callbacks.setButtonStyles\" data-wp-on-window--resize=\"callbacks.setButtonStyles\" src=\"http:\/\/bernhardherzog.com\/wp-content\/uploads\/sites\/2\/2020\/04\/IMG_3601-Edit-1024x684.jpg\" alt=\"\" class=\"wp-image-19044\"\/><button\n\t\t\tclass=\"lightbox-trigger\"\n\t\t\ttype=\"button\"\n\t\t\taria-haspopup=\"dialog\"\n\t\t\taria-label=\"Vergr\u00f6\u00dfern\"\n\t\t\tdata-wp-init=\"callbacks.initTriggerButton\"\n\t\t\tdata-wp-on--click=\"actions.showLightbox\"\n\t\t\tdata-wp-style--right=\"state.imageButtonRight\"\n\t\t\tdata-wp-style--top=\"state.imageButtonTop\"\n\t\t>\n\t\t\t<svg xmlns=\"http:\/\/www.w3.org\/2000\/svg\" width=\"12\" height=\"12\" fill=\"none\" viewBox=\"0 0 12 12\">\n\t\t\t\t<path fill=\"#fff\" d=\"M2 0a2 2 0 0 0-2 2v2h1.5V2a.5.5 0 0 1 .5-.5h2V0H2Zm2 10.5H2a.5.5 0 0 1-.5-.5V8H0v2a2 2 0 0 0 2 2h2v-1.5ZM8 12v-1.5h2a.5.5 0 0 0 .5-.5V8H12v2a2 2 0 0 1-2 2H8Zm2-12a2 2 0 0 1 2 2v2h-1.5V2a.5.5 0 0 0-.5-.5H8V0h2Z\" \/>\n\t\t\t<\/svg>\n\t\t<\/button><figcaption>bei Plovdiv (1\/1500 @ F2.2, ISO 32, 4.15mm, iPhone 6 back camera)<\/figcaption><\/figure>\n\n\n\n<h3 class=\"wp-block-heading\">10. Elbsandstein 09\/2017 (Klettersteig)<\/h3>\n\n\n\n<p>Das Elbsandsteingebirge ist eine tolle Sandsteinformation. Wir sind zun\u00e4chst mit dem Bus nach <strong>Dresden <\/strong>angereist und von dort gibt es einen Zug. Die Strecke entlang der <strong>Elbe <\/strong>l\u00e4sst sich nat\u00fcrlich auch hervorragend mit dem Rad erkunden.<\/p>\n\n\n\n<p>Touristisches Highlight und ber\u00fchmter Foto-Spot ist die <strong>Bastei-Br\u00fccke<\/strong>. Patricia hat erstmals mit ihrer neuen Fuji XT-2 fotografiert.<\/p>\n\n\n\n<figure data-wp-context=\"{&quot;imageId&quot;:&quot;69f50a8d5a143&quot;}\" data-wp-interactive=\"core\/image\" data-wp-key=\"69f50a8d5a143\" class=\"wp-block-image size-large wp-lightbox-container\"><img decoding=\"async\" data-wp-class--hide=\"state.isContentHidden\" data-wp-class--show=\"state.isContentVisible\" data-wp-init=\"callbacks.setButtonStyles\" data-wp-on--click=\"actions.showLightbox\" data-wp-on--load=\"callbacks.setButtonStyles\" data-wp-on-window--resize=\"callbacks.setButtonStyles\" src=\"http:\/\/bernhardherzog.com\/wp-content\/uploads\/sites\/2\/2020\/04\/DSCF7298-1024x683.jpg\" alt=\"\" class=\"wp-image-18945\"\/><button\n\t\t\tclass=\"lightbox-trigger\"\n\t\t\ttype=\"button\"\n\t\t\taria-haspopup=\"dialog\"\n\t\t\taria-label=\"Vergr\u00f6\u00dfern\"\n\t\t\tdata-wp-init=\"callbacks.initTriggerButton\"\n\t\t\tdata-wp-on--click=\"actions.showLightbox\"\n\t\t\tdata-wp-style--right=\"state.imageButtonRight\"\n\t\t\tdata-wp-style--top=\"state.imageButtonTop\"\n\t\t>\n\t\t\t<svg xmlns=\"http:\/\/www.w3.org\/2000\/svg\" width=\"12\" height=\"12\" fill=\"none\" viewBox=\"0 0 12 12\">\n\t\t\t\t<path fill=\"#fff\" d=\"M2 0a2 2 0 0 0-2 2v2h1.5V2a.5.5 0 0 1 .5-.5h2V0H2Zm2 10.5H2a.5.5 0 0 1-.5-.5V8H0v2a2 2 0 0 0 2 2h2v-1.5ZM8 12v-1.5h2a.5.5 0 0 0 .5-.5V8H12v2a2 2 0 0 1-2 2H8Zm2-12a2 2 0 0 1 2 2v2h-1.5V2a.5.5 0 0 0-.5-.5H8V0h2Z\" \/>\n\t\t\t<\/svg>\n\t\t<\/button><figcaption>(1\/550 @ F4.5, ISO 400, 18mm, Fuji XT-2)<\/figcaption><\/figure>\n\n\n\n<figure class=\"wp-block-embed is-type-video is-provider-youtube wp-block-embed-youtube wp-embed-aspect-16-9 wp-has-aspect-ratio\"><div class=\"wp-block-embed__wrapper\">\n<iframe loading=\"lazy\" title=\"Bastei - S\u00e4chsische Schweiz\" width=\"500\" height=\"281\" src=\"https:\/\/www.youtube.com\/embed\/Riqwygwoxh4?feature=oembed\" frameborder=\"0\" allow=\"accelerometer; autoplay; clipboard-write; encrypted-media; gyroscope; picture-in-picture; web-share\" referrerpolicy=\"strict-origin-when-cross-origin\" allowfullscreen><\/iframe>\n<\/div><\/figure>\n\n\n\n<p>Unser Highlight war aber die <strong>H\u00e4ntzschelstiege<\/strong>, ein landschaftlich beeindruckender Klettersteig.<\/p>\n\n\n\n<figure data-wp-context=\"{&quot;imageId&quot;:&quot;69f50a8d5a587&quot;}\" data-wp-interactive=\"core\/image\" data-wp-key=\"69f50a8d5a587\" class=\"wp-block-image size-large wp-lightbox-container\"><img decoding=\"async\" data-wp-class--hide=\"state.isContentHidden\" data-wp-class--show=\"state.isContentVisible\" data-wp-init=\"callbacks.setButtonStyles\" data-wp-on--click=\"actions.showLightbox\" data-wp-on--load=\"callbacks.setButtonStyles\" data-wp-on-window--resize=\"callbacks.setButtonStyles\" src=\"http:\/\/bernhardherzog.com\/wp-content\/uploads\/sites\/2\/2020\/04\/G0121369.jpg\" alt=\"\" class=\"wp-image-18946\"\/><button\n\t\t\tclass=\"lightbox-trigger\"\n\t\t\ttype=\"button\"\n\t\t\taria-haspopup=\"dialog\"\n\t\t\taria-label=\"Vergr\u00f6\u00dfern\"\n\t\t\tdata-wp-init=\"callbacks.initTriggerButton\"\n\t\t\tdata-wp-on--click=\"actions.showLightbox\"\n\t\t\tdata-wp-style--right=\"state.imageButtonRight\"\n\t\t\tdata-wp-style--top=\"state.imageButtonTop\"\n\t\t>\n\t\t\t<svg xmlns=\"http:\/\/www.w3.org\/2000\/svg\" width=\"12\" height=\"12\" fill=\"none\" viewBox=\"0 0 12 12\">\n\t\t\t\t<path fill=\"#fff\" d=\"M2 0a2 2 0 0 0-2 2v2h1.5V2a.5.5 0 0 1 .5-.5h2V0H2Zm2 10.5H2a.5.5 0 0 1-.5-.5V8H0v2a2 2 0 0 0 2 2h2v-1.5ZM8 12v-1.5h2a.5.5 0 0 0 .5-.5V8H12v2a2 2 0 0 1-2 2H8Zm2-12a2 2 0 0 1 2 2v2h-1.5V2a.5.5 0 0 0-.5-.5H8V0h2Z\" \/>\n\t\t\t<\/svg>\n\t\t<\/button><figcaption>Schl\u00fcsselstelle der <strong>H\u00e4ntzschelstiege<\/strong> (1\/400 @ F2.8, ISO 100, 3mm, GoPro)<\/figcaption><\/figure>\n\n\n\n<figure class=\"wp-block-gallery has-nested-images columns-default is-cropped wp-block-gallery-1 is-layout-flex wp-block-gallery-is-layout-flex\">\n<figure class=\"wp-block-image size-large\"><a href=\"http:\/\/bernhardherzog.com\/wp-content\/uploads\/sites\/2\/2020\/04\/DSC06591-1024x683.jpg\"><img decoding=\"async\" data-id=\"18948\" src=\"http:\/\/bernhardherzog.com\/wp-content\/uploads\/sites\/2\/2020\/04\/DSC06591-1024x683.jpg\" alt=\"\" class=\"wp-image-18948\"\/><\/a><\/figure>\n\n\n\n<figure class=\"wp-block-image size-large\"><a href=\"http:\/\/bernhardherzog.com\/wp-content\/uploads\/sites\/2\/2020\/04\/DSC06606-1024x683.jpg\"><img decoding=\"async\" data-id=\"18947\" src=\"http:\/\/bernhardherzog.com\/wp-content\/uploads\/sites\/2\/2020\/04\/DSC06606-1024x683.jpg\" alt=\"\" class=\"wp-image-18947\"\/><\/a><\/figure>\n<figcaption class=\"blocks-gallery-caption\">(links: 1\/250 @ F8.0, ISO 100, 17mm, Sony a5100, rechts: 1\/320 @ F3.5, ISO 100, 16mm, Sony a5100)<\/figcaption><\/figure>\n\n\n\n<p>Viele haben den Steig ohne Klettersteigset gemacht, er ist auch nicht schwer, aber wenn man einen Fehler macht kann man weit st\u00fcrzen. Und zum Fotos machen ist eine Sicherung sowieso besser.<\/p>\n\n\n\n<p>Diese Gegend ist wie gebaut f\u00fcr Fotografen. Ich habe die Videos und Fotos mit meiner <strong>Sony a5100-Kamera <\/strong>und dem <strong>Kit-Objektiv <\/strong>gemacht. Und ich habe erstmals einen kleinen <strong>Zhiyun-Gimbal <\/strong>verwendet. Ich wollte den Bokeh-Effekt und wackelfreie Aufnahmen, trotzdem war dieses Set noch nicht so schwer und ich konnte Fotos und Video mit einer Kamera machen (allerdings Videos nur in Full HD).<\/p>\n\n\n\n<figure class=\"wp-block-embed is-type-video is-provider-youtube wp-block-embed-youtube wp-embed-aspect-16-9 wp-has-aspect-ratio\"><div class=\"wp-block-embed__wrapper\">\n<iframe loading=\"lazy\" title=\"Elbsandsteingebirge (H\u00e4ntzschelstiege, Carolafelsen, Breite-Kluft, Schrammsteine)\" width=\"500\" height=\"281\" src=\"https:\/\/www.youtube.com\/embed\/RhUb-beqGVw?feature=oembed\" frameborder=\"0\" allow=\"accelerometer; autoplay; clipboard-write; encrypted-media; gyroscope; picture-in-picture; web-share\" referrerpolicy=\"strict-origin-when-cross-origin\" allowfullscreen><\/iframe>\n<\/div><\/figure>\n\n\n\n<h3 class=\"wp-block-heading\">11. Ramsau 26\/01\/2018 (Schneeschuh)<\/h3>\n\n\n\n<p>Ramsau in \u00d6sterreich ist das Paradies f\u00fcr Langl\u00e4ufer und Schneeschuhtouren.<\/p>\n\n\n\n<figure data-wp-context=\"{&quot;imageId&quot;:&quot;69f50a8d5ac6a&quot;}\" data-wp-interactive=\"core\/image\" data-wp-key=\"69f50a8d5ac6a\" class=\"wp-block-image size-large wp-lightbox-container\"><img decoding=\"async\" data-wp-class--hide=\"state.isContentHidden\" data-wp-class--show=\"state.isContentVisible\" data-wp-init=\"callbacks.setButtonStyles\" data-wp-on--click=\"actions.showLightbox\" data-wp-on--load=\"callbacks.setButtonStyles\" data-wp-on-window--resize=\"callbacks.setButtonStyles\" src=\"http:\/\/bernhardherzog.com\/wp-content\/uploads\/sites\/2\/2020\/04\/IMG_8427-Edit-683x1024.jpg\" alt=\"\" class=\"wp-image-19016\"\/><button\n\t\t\tclass=\"lightbox-trigger\"\n\t\t\ttype=\"button\"\n\t\t\taria-haspopup=\"dialog\"\n\t\t\taria-label=\"Vergr\u00f6\u00dfern\"\n\t\t\tdata-wp-init=\"callbacks.initTriggerButton\"\n\t\t\tdata-wp-on--click=\"actions.showLightbox\"\n\t\t\tdata-wp-style--right=\"state.imageButtonRight\"\n\t\t\tdata-wp-style--top=\"state.imageButtonTop\"\n\t\t>\n\t\t\t<svg xmlns=\"http:\/\/www.w3.org\/2000\/svg\" width=\"12\" height=\"12\" fill=\"none\" viewBox=\"0 0 12 12\">\n\t\t\t\t<path fill=\"#fff\" d=\"M2 0a2 2 0 0 0-2 2v2h1.5V2a.5.5 0 0 1 .5-.5h2V0H2Zm2 10.5H2a.5.5 0 0 1-.5-.5V8H0v2a2 2 0 0 0 2 2h2v-1.5ZM8 12v-1.5h2a.5.5 0 0 0 .5-.5V8H12v2a2 2 0 0 1-2 2H8Zm2-12a2 2 0 0 1 2 2v2h-1.5V2a.5.5 0 0 0-.5-.5H8V0h2Z\" \/>\n\t\t\t<\/svg>\n\t\t<\/button><figcaption>Langlaufspur in Ramsau (1\/320 @ F8.0, ISO 320, 24mm, Canon 6D)<\/figcaption><\/figure>\n\n\n\n<figure data-wp-context=\"{&quot;imageId&quot;:&quot;69f50a8d5b1eb&quot;}\" data-wp-interactive=\"core\/image\" data-wp-key=\"69f50a8d5b1eb\" class=\"wp-block-image size-large wp-lightbox-container\"><img decoding=\"async\" data-wp-class--hide=\"state.isContentHidden\" data-wp-class--show=\"state.isContentVisible\" data-wp-init=\"callbacks.setButtonStyles\" data-wp-on--click=\"actions.showLightbox\" data-wp-on--load=\"callbacks.setButtonStyles\" data-wp-on-window--resize=\"callbacks.setButtonStyles\" src=\"http:\/\/bernhardherzog.com\/wp-content\/uploads\/sites\/2\/2020\/04\/IMG_8408-Edit-1024x683.jpg\" alt=\"\" class=\"wp-image-18951\"\/><button\n\t\t\tclass=\"lightbox-trigger\"\n\t\t\ttype=\"button\"\n\t\t\taria-haspopup=\"dialog\"\n\t\t\taria-label=\"Vergr\u00f6\u00dfern\"\n\t\t\tdata-wp-init=\"callbacks.initTriggerButton\"\n\t\t\tdata-wp-on--click=\"actions.showLightbox\"\n\t\t\tdata-wp-style--right=\"state.imageButtonRight\"\n\t\t\tdata-wp-style--top=\"state.imageButtonTop\"\n\t\t>\n\t\t\t<svg xmlns=\"http:\/\/www.w3.org\/2000\/svg\" width=\"12\" height=\"12\" fill=\"none\" viewBox=\"0 0 12 12\">\n\t\t\t\t<path fill=\"#fff\" d=\"M2 0a2 2 0 0 0-2 2v2h1.5V2a.5.5 0 0 1 .5-.5h2V0H2Zm2 10.5H2a.5.5 0 0 1-.5-.5V8H0v2a2 2 0 0 0 2 2h2v-1.5ZM8 12v-1.5h2a.5.5 0 0 0 .5-.5V8H12v2a2 2 0 0 1-2 2H8Zm2-12a2 2 0 0 1 2 2v2h-1.5V2a.5.5 0 0 0-.5-.5H8V0h2Z\" \/>\n\t\t\t<\/svg>\n\t\t<\/button><figcaption>mit den Schneeschuhen in Ramsau (1\/2500 @ F4.0, ISO 200, 45mm, Canon 6D)<\/figcaption><\/figure>\n\n\n\n<p>Und man kann auf den <strong>Gletscher <\/strong>hinauffahren. Dieser Aussichtspunkt ist der beste Foto-Punkt:<\/p>\n\n\n\n<figure data-wp-context=\"{&quot;imageId&quot;:&quot;69f50a8d5b60b&quot;}\" data-wp-interactive=\"core\/image\" data-wp-key=\"69f50a8d5b60b\" class=\"wp-block-image size-large wp-lightbox-container\"><img decoding=\"async\" data-wp-class--hide=\"state.isContentHidden\" data-wp-class--show=\"state.isContentVisible\" data-wp-init=\"callbacks.setButtonStyles\" data-wp-on--click=\"actions.showLightbox\" data-wp-on--load=\"callbacks.setButtonStyles\" data-wp-on-window--resize=\"callbacks.setButtonStyles\" src=\"http:\/\/bernhardherzog.com\/wp-content\/uploads\/sites\/2\/2020\/04\/IMG_8504-Edit-1024x764.jpg\" alt=\"\" class=\"wp-image-18952\"\/><button\n\t\t\tclass=\"lightbox-trigger\"\n\t\t\ttype=\"button\"\n\t\t\taria-haspopup=\"dialog\"\n\t\t\taria-label=\"Vergr\u00f6\u00dfern\"\n\t\t\tdata-wp-init=\"callbacks.initTriggerButton\"\n\t\t\tdata-wp-on--click=\"actions.showLightbox\"\n\t\t\tdata-wp-style--right=\"state.imageButtonRight\"\n\t\t\tdata-wp-style--top=\"state.imageButtonTop\"\n\t\t>\n\t\t\t<svg xmlns=\"http:\/\/www.w3.org\/2000\/svg\" width=\"12\" height=\"12\" fill=\"none\" viewBox=\"0 0 12 12\">\n\t\t\t\t<path fill=\"#fff\" d=\"M2 0a2 2 0 0 0-2 2v2h1.5V2a.5.5 0 0 1 .5-.5h2V0H2Zm2 10.5H2a.5.5 0 0 1-.5-.5V8H0v2a2 2 0 0 0 2 2h2v-1.5ZM8 12v-1.5h2a.5.5 0 0 0 .5-.5V8H12v2a2 2 0 0 1-2 2H8Zm2-12a2 2 0 0 1 2 2v2h-1.5V2a.5.5 0 0 0-.5-.5H8V0h2Z\" \/>\n\t\t\t<\/svg>\n\t\t<\/button><figcaption>Stiege ins Nichts am Dachstein (1\/2000 @ F8.0, ISO 200, 32mm, Canon 6D)<\/figcaption><\/figure>\n\n\n\n<p>Als wir dort waren, wollte gerade ein Profi einen Spot drehen mit Models und einer Drohne, er war von uns ein bisschen genervt \ud83d\ude09<\/p>\n\n\n\n<p>Es gibt auch eine Eish\u00f6hle.<\/p>\n\n\n\n<figure data-wp-context=\"{&quot;imageId&quot;:&quot;69f50a8d5ba2b&quot;}\" data-wp-interactive=\"core\/image\" data-wp-key=\"69f50a8d5ba2b\" class=\"wp-block-image size-large is-resized wp-lightbox-container\"><img loading=\"lazy\" decoding=\"async\" data-wp-class--hide=\"state.isContentHidden\" data-wp-class--show=\"state.isContentVisible\" data-wp-init=\"callbacks.setButtonStyles\" data-wp-on--click=\"actions.showLightbox\" data-wp-on--load=\"callbacks.setButtonStyles\" data-wp-on-window--resize=\"callbacks.setButtonStyles\" src=\"http:\/\/bernhardherzog.com\/wp-content\/uploads\/sites\/2\/2020\/04\/DSC07573-Edit-1024x683.jpg\" alt=\"\" class=\"wp-image-18953\" width=\"610\" height=\"406\"\/><button\n\t\t\tclass=\"lightbox-trigger\"\n\t\t\ttype=\"button\"\n\t\t\taria-haspopup=\"dialog\"\n\t\t\taria-label=\"Vergr\u00f6\u00dfern\"\n\t\t\tdata-wp-init=\"callbacks.initTriggerButton\"\n\t\t\tdata-wp-on--click=\"actions.showLightbox\"\n\t\t\tdata-wp-style--right=\"state.imageButtonRight\"\n\t\t\tdata-wp-style--top=\"state.imageButtonTop\"\n\t\t>\n\t\t\t<svg xmlns=\"http:\/\/www.w3.org\/2000\/svg\" width=\"12\" height=\"12\" fill=\"none\" viewBox=\"0 0 12 12\">\n\t\t\t\t<path fill=\"#fff\" d=\"M2 0a2 2 0 0 0-2 2v2h1.5V2a.5.5 0 0 1 .5-.5h2V0H2Zm2 10.5H2a.5.5 0 0 1-.5-.5V8H0v2a2 2 0 0 0 2 2h2v-1.5ZM8 12v-1.5h2a.5.5 0 0 0 .5-.5V8H12v2a2 2 0 0 1-2 2H8Zm2-12a2 2 0 0 1 2 2v2h-1.5V2a.5.5 0 0 0-.5-.5H8V0h2Z\" \/>\n\t\t\t<\/svg>\n\t\t<\/button><figcaption>Dachstein-Eish\u00f6hle (1\/60 @ F2.0, ISO 640, 12mm, Sony a5100)<\/figcaption><\/figure>\n\n\n\n<p>In der Eish\u00f6hle habe ich mein <a href=\"\/de\/weitwinkel-tutorial-samyang-12mm-2-0\/\"><strong>Samyang 12mm-Objektiv<\/strong><\/a> verwendet. Der Weitwinkel ist ideal f\u00fcr enge R\u00e4ume und das Objektiv ist ziemlich lichtstark. Das kleine <strong>LED-Licht<\/strong>, das ich zus\u00e4tzlich dabei hatte, war aber unverzichtbar. Weil es ein manuelles Objektiv ist, war es nicht leicht, bei F2.0 immer den Fokus zu treffen.<\/p>\n\n\n\n<p>Dieses Foto ist sehr gut angekommen:<\/p>\n\n\n\n<figure data-wp-context=\"{&quot;imageId&quot;:&quot;69f50a8d5be39&quot;}\" data-wp-interactive=\"core\/image\" data-wp-key=\"69f50a8d5be39\" class=\"wp-block-image size-large wp-lightbox-container\"><img decoding=\"async\" data-wp-class--hide=\"state.isContentHidden\" data-wp-class--show=\"state.isContentVisible\" data-wp-init=\"callbacks.setButtonStyles\" data-wp-on--click=\"actions.showLightbox\" data-wp-on--load=\"callbacks.setButtonStyles\" data-wp-on-window--resize=\"callbacks.setButtonStyles\" src=\"http:\/\/bernhardherzog.com\/wp-content\/uploads\/sites\/2\/2020\/04\/IMG_8540-Edit-1024x683.jpg\" alt=\"\" class=\"wp-image-18954\"\/><button\n\t\t\tclass=\"lightbox-trigger\"\n\t\t\ttype=\"button\"\n\t\t\taria-haspopup=\"dialog\"\n\t\t\taria-label=\"Vergr\u00f6\u00dfern\"\n\t\t\tdata-wp-init=\"callbacks.initTriggerButton\"\n\t\t\tdata-wp-on--click=\"actions.showLightbox\"\n\t\t\tdata-wp-style--right=\"state.imageButtonRight\"\n\t\t\tdata-wp-style--top=\"state.imageButtonTop\"\n\t\t>\n\t\t\t<svg xmlns=\"http:\/\/www.w3.org\/2000\/svg\" width=\"12\" height=\"12\" fill=\"none\" viewBox=\"0 0 12 12\">\n\t\t\t\t<path fill=\"#fff\" d=\"M2 0a2 2 0 0 0-2 2v2h1.5V2a.5.5 0 0 1 .5-.5h2V0H2Zm2 10.5H2a.5.5 0 0 1-.5-.5V8H0v2a2 2 0 0 0 2 2h2v-1.5ZM8 12v-1.5h2a.5.5 0 0 0 .5-.5V8H12v2a2 2 0 0 1-2 2H8Zm2-12a2 2 0 0 1 2 2v2h-1.5V2a.5.5 0 0 0-.5-.5H8V0h2Z\" \/>\n\t\t\t<\/svg>\n\t\t<\/button><figcaption>Dohlen am Dachstein-Gletscher (1\/2500 @ F4.0, ISO 200, 70mm, Canon 6D)<\/figcaption><\/figure>\n\n\n\n<p>Ich hatte <strong>keinen ND-Filter <\/strong>mit, deswegen die Bildwiederholfrequenz im Gletscherlicht viel zu hoch.<\/p>\n\n\n\n<figure class=\"wp-block-embed is-type-video is-provider-youtube wp-block-embed-youtube wp-embed-aspect-16-9 wp-has-aspect-ratio\"><div class=\"wp-block-embed__wrapper\">\n<iframe loading=\"lazy\" title=\"Dachstein Glacier with Snowshoes\" width=\"500\" height=\"281\" src=\"https:\/\/www.youtube.com\/embed\/-K9JLb4nf18?feature=oembed\" frameborder=\"0\" allow=\"accelerometer; autoplay; clipboard-write; encrypted-media; gyroscope; picture-in-picture; web-share\" referrerpolicy=\"strict-origin-when-cross-origin\" allowfullscreen><\/iframe>\n<\/div><\/figure>\n\n\n\n<h3 class=\"wp-block-heading\">12. St. Anton 15\/02\/2018 (Schifahren, Schneeschuh)<\/h3>\n\n\n\n<p>Der Arlberg ist weltber\u00fchmt f\u00fcrs <strong>Skifahren <\/strong>und das ist in dem weitl\u00e4ufigen Areal wirklich fast grenzenlos m\u00f6glich. Das hat nat\u00fcrlich seinen Preis, was die Kosten f\u00fcr Unterkunft und Liftkarte betrifft, aber zumindest einmal im Leben sollte man sich das g\u00f6nnen. War man noch nicht in St. Anton, wei\u00df man nicht was Schifahren hei\u00dft.<\/p>\n\n\n\n<figure class=\"wp-block-gallery has-nested-images columns-default is-cropped wp-block-gallery-2 is-layout-flex wp-block-gallery-is-layout-flex\">\n<figure class=\"wp-block-image size-large\"><a href=\"http:\/\/bernhardherzog.com\/wp-content\/uploads\/sites\/2\/2020\/04\/DSC08449-Pano-Edit-1024x455.jpg\"><img decoding=\"async\" data-id=\"18957\" src=\"http:\/\/bernhardherzog.com\/wp-content\/uploads\/sites\/2\/2020\/04\/DSC08449-Pano-Edit-1024x455.jpg\" alt=\"\" class=\"wp-image-18957\"\/><\/a><figcaption>(1\/640 @ F16.0, ISO 200, 16mm, Sony a5100)<\/figcaption><\/figure>\n\n\n\n<figure class=\"wp-block-image size-large\"><a href=\"http:\/\/bernhardherzog.com\/wp-content\/uploads\/sites\/2\/2020\/04\/DSC08480-Edit-1024x821.jpg\"><img decoding=\"async\" data-id=\"18958\" src=\"http:\/\/bernhardherzog.com\/wp-content\/uploads\/sites\/2\/2020\/04\/DSC08480-Edit-1024x821.jpg\" alt=\"\" class=\"wp-image-18958\"\/><\/a><figcaption>(1\/640 @ F16.0, ISO 200, 16mm, Sony a5100)<\/figcaption><\/figure>\n\n\n\n<figure class=\"wp-block-image size-large\"><a href=\"http:\/\/bernhardherzog.com\/wp-content\/uploads\/sites\/2\/2020\/04\/DSC08562-Edit-Edit-861x1024.jpg\"><img decoding=\"async\" data-id=\"18962\" src=\"http:\/\/bernhardherzog.com\/wp-content\/uploads\/sites\/2\/2020\/04\/DSC08562-Edit-Edit-861x1024.jpg\" alt=\"\" class=\"wp-image-18962\"\/><\/a><figcaption>(1\/1000 @ F9.0, ISO 200, 35mm, Sony a5100)<\/figcaption><\/figure>\n\n\n\n<figure class=\"wp-block-image size-large\"><a href=\"https:\/\/bernhardherzog.com\/de\/wp-content\/uploads\/sites\/2\/2020\/04\/DSCF0968-1-1024x683.jpg\"><img loading=\"lazy\" decoding=\"async\" width=\"1024\" height=\"683\" data-id=\"19122\" src=\"https:\/\/bernhardherzog.com\/de\/wp-content\/uploads\/sites\/2\/2020\/04\/DSCF0968-1-1024x683.jpg\" alt=\"\" class=\"wp-image-19122\" srcset=\"https:\/\/bernhardherzog.com\/de\/wp-content\/uploads\/sites\/2\/2020\/04\/DSCF0968-1-1024x683.jpg 1024w, https:\/\/bernhardherzog.com\/de\/wp-content\/uploads\/sites\/2\/2020\/04\/DSCF0968-1-300x200.jpg 300w, https:\/\/bernhardherzog.com\/de\/wp-content\/uploads\/sites\/2\/2020\/04\/DSCF0968-1-768x512.jpg 768w, https:\/\/bernhardherzog.com\/de\/wp-content\/uploads\/sites\/2\/2020\/04\/DSCF0968-1-1536x1024.jpg 1536w, https:\/\/bernhardherzog.com\/de\/wp-content\/uploads\/sites\/2\/2020\/04\/DSCF0968-1-2048x1365.jpg 2048w\" sizes=\"auto, (max-width: 1024px) 100vw, 1024px\" \/><\/a><figcaption>(1\/1700 @ F6.4, ISO 200, 18mm, Fuji XT-2)<\/figcaption><\/figure>\n\n\n\n<figure class=\"wp-block-image size-large\"><a href=\"http:\/\/bernhardherzog.com\/wp-content\/uploads\/sites\/2\/2020\/04\/DSCF0983-1024x683.jpg\"><img decoding=\"async\" data-id=\"19047\" src=\"http:\/\/bernhardherzog.com\/wp-content\/uploads\/sites\/2\/2020\/04\/DSCF0983-1024x683.jpg\" alt=\"\" class=\"wp-image-19047\"\/><\/a><figcaption>(1\/1000 @ F5.6, ISO 200, 18mm, Fuji XT-2)<\/figcaption><\/figure>\n<figcaption class=\"blocks-gallery-caption\">Grenzenloses Schivergn\u00fcgen am Arlberg<\/figcaption><\/figure>\n\n\n\n<p>Wir waren auch <strong>Schneeschuhwandern <\/strong>und dabei kann man noch besser und in Ruhe Fotos von der Winterlandschaft machen.<\/p>\n\n\n\n<figure data-wp-context=\"{&quot;imageId&quot;:&quot;69f50a8d5c5e9&quot;}\" data-wp-interactive=\"core\/image\" data-wp-key=\"69f50a8d5c5e9\" class=\"wp-block-image size-large wp-lightbox-container\"><img decoding=\"async\" data-wp-class--hide=\"state.isContentHidden\" data-wp-class--show=\"state.isContentVisible\" data-wp-init=\"callbacks.setButtonStyles\" data-wp-on--click=\"actions.showLightbox\" data-wp-on--load=\"callbacks.setButtonStyles\" data-wp-on-window--resize=\"callbacks.setButtonStyles\" src=\"http:\/\/bernhardherzog.com\/wp-content\/uploads\/sites\/2\/2020\/04\/DSC08380-Pano-Edit-Edit-Edit-1024x791.jpg\" alt=\"\" class=\"wp-image-18959\"\/><button\n\t\t\tclass=\"lightbox-trigger\"\n\t\t\ttype=\"button\"\n\t\t\taria-haspopup=\"dialog\"\n\t\t\taria-label=\"Vergr\u00f6\u00dfern\"\n\t\t\tdata-wp-init=\"callbacks.initTriggerButton\"\n\t\t\tdata-wp-on--click=\"actions.showLightbox\"\n\t\t\tdata-wp-style--right=\"state.imageButtonRight\"\n\t\t\tdata-wp-style--top=\"state.imageButtonTop\"\n\t\t>\n\t\t\t<svg xmlns=\"http:\/\/www.w3.org\/2000\/svg\" width=\"12\" height=\"12\" fill=\"none\" viewBox=\"0 0 12 12\">\n\t\t\t\t<path fill=\"#fff\" d=\"M2 0a2 2 0 0 0-2 2v2h1.5V2a.5.5 0 0 1 .5-.5h2V0H2Zm2 10.5H2a.5.5 0 0 1-.5-.5V8H0v2a2 2 0 0 0 2 2h2v-1.5ZM8 12v-1.5h2a.5.5 0 0 0 .5-.5V8H12v2a2 2 0 0 1-2 2H8Zm2-12a2 2 0 0 1 2 2v2h-1.5V2a.5.5 0 0 0-.5-.5H8V0h2Z\" \/>\n\t\t\t<\/svg>\n\t\t<\/button><figcaption>Schneeschuhtour in St. Anton (1\/160 @ F8.0, ISO 200, 16mm, Sony a5100)<\/figcaption><\/figure>\n\n\n\n<p>Wo es viel Schnee gibt ist es aber leider nicht ungef\u00e4hrlich, diese Warnung haben wir zuerst nicht ernst genommen.<\/p>\n\n\n\n<figure class=\"wp-block-gallery has-nested-images columns-default is-cropped wp-block-gallery-3 is-layout-flex wp-block-gallery-is-layout-flex\">\n<figure class=\"wp-block-image size-large\"><a href=\"http:\/\/bernhardherzog.com\/wp-content\/uploads\/sites\/2\/2020\/04\/DSC08435-Edit-1024x683.jpg\"><img decoding=\"async\" data-id=\"18961\" src=\"http:\/\/bernhardherzog.com\/wp-content\/uploads\/sites\/2\/2020\/04\/DSC08435-Edit-1024x683.jpg\" alt=\"\" class=\"wp-image-18961\"\/><\/a><figcaption>(1\/640 @ F2.2, ISO 200, 16mm, Sony a5100)<\/figcaption><\/figure>\n\n\n\n<figure class=\"wp-block-image size-large\"><a href=\"http:\/\/bernhardherzog.com\/wp-content\/uploads\/sites\/2\/2020\/04\/DSC08396-Edit.jpg\"><img decoding=\"async\" data-id=\"19056\" src=\"http:\/\/bernhardherzog.com\/wp-content\/uploads\/sites\/2\/2020\/04\/DSC08396-Edit.jpg\" alt=\"\" class=\"wp-image-19056\"\/><\/a><figcaption>(1\/320 @ F4.0, ISO 200, 16mm, Sony a5100)<\/figcaption><\/figure>\n<figcaption class=\"blocks-gallery-caption\">Hier h\u00e4tten wir nicht weitergehen sollen<\/figcaption><\/figure>\n\n\n\n<p>Zum Gl\u00fcck sind wir dann aber umgekehrt, der Weg war bald sehr ausgesetzt \u00fcber dem Fluss und sehr rutschig&#8230; \ud83d\ude41<\/p>\n\n\n\n<p>Ich habe den <strong>Gimbal <\/strong>verwendet und erstmals das <strong>Sigma 16mm 1.4 <\/strong>Objektiv. Diese Kombination war schon um einiges schwerer und unhandlicher, als ich gewohnt war, daf\u00fcr war die Bildqualit\u00e4t genau so gut wie mit einer Vollformatkamera!<\/p>\n\n\n\n<p>Jedenfalls muss es nicht jeden Tag Schifahren sein, beim Schneeschuhwandern hatten wir immer mindestens genauso viel Spass!<\/p>\n\n\n\n<figure data-wp-context=\"{&quot;imageId&quot;:&quot;69f50a8d5cc90&quot;}\" data-wp-interactive=\"core\/image\" data-wp-key=\"69f50a8d5cc90\" class=\"wp-block-image size-large wp-lightbox-container\"><img loading=\"lazy\" decoding=\"async\" width=\"1024\" height=\"683\" data-wp-class--hide=\"state.isContentHidden\" data-wp-class--show=\"state.isContentVisible\" data-wp-init=\"callbacks.setButtonStyles\" data-wp-on--click=\"actions.showLightbox\" data-wp-on--load=\"callbacks.setButtonStyles\" data-wp-on-window--resize=\"callbacks.setButtonStyles\" src=\"https:\/\/bernhardherzog.com\/de\/wp-content\/uploads\/sites\/2\/2020\/04\/28164505_10215803513790894_731997716077801388_o-1024x683.jpg\" alt=\"\" class=\"wp-image-18814\" srcset=\"https:\/\/bernhardherzog.com\/de\/wp-content\/uploads\/sites\/2\/2020\/04\/28164505_10215803513790894_731997716077801388_o-1024x683.jpg 1024w, https:\/\/bernhardherzog.com\/de\/wp-content\/uploads\/sites\/2\/2020\/04\/28164505_10215803513790894_731997716077801388_o-300x200.jpg 300w, https:\/\/bernhardherzog.com\/de\/wp-content\/uploads\/sites\/2\/2020\/04\/28164505_10215803513790894_731997716077801388_o-768x512.jpg 768w, https:\/\/bernhardherzog.com\/de\/wp-content\/uploads\/sites\/2\/2020\/04\/28164505_10215803513790894_731997716077801388_o-1536x1024.jpg 1536w, https:\/\/bernhardherzog.com\/de\/wp-content\/uploads\/sites\/2\/2020\/04\/28164505_10215803513790894_731997716077801388_o.jpg 2048w\" sizes=\"auto, (max-width: 1024px) 100vw, 1024px\" \/><button\n\t\t\tclass=\"lightbox-trigger\"\n\t\t\ttype=\"button\"\n\t\t\taria-haspopup=\"dialog\"\n\t\t\taria-label=\"Vergr\u00f6\u00dfern\"\n\t\t\tdata-wp-init=\"callbacks.initTriggerButton\"\n\t\t\tdata-wp-on--click=\"actions.showLightbox\"\n\t\t\tdata-wp-style--right=\"state.imageButtonRight\"\n\t\t\tdata-wp-style--top=\"state.imageButtonTop\"\n\t\t>\n\t\t\t<svg xmlns=\"http:\/\/www.w3.org\/2000\/svg\" width=\"12\" height=\"12\" fill=\"none\" viewBox=\"0 0 12 12\">\n\t\t\t\t<path fill=\"#fff\" d=\"M2 0a2 2 0 0 0-2 2v2h1.5V2a.5.5 0 0 1 .5-.5h2V0H2Zm2 10.5H2a.5.5 0 0 1-.5-.5V8H0v2a2 2 0 0 0 2 2h2v-1.5ZM8 12v-1.5h2a.5.5 0 0 0 .5-.5V8H12v2a2 2 0 0 1-2 2H8Zm2-12a2 2 0 0 1 2 2v2h-1.5V2a.5.5 0 0 0-.5-.5H8V0h2Z\" \/>\n\t\t\t<\/svg>\n\t\t<\/button><figcaption>Schneeschuwandern am Arlberg<\/figcaption><\/figure>\n\n\n\n<figure class=\"wp-block-embed is-type-video is-provider-youtube wp-block-embed-youtube wp-embed-aspect-16-9 wp-has-aspect-ratio\"><div class=\"wp-block-embed__wrapper\">\n<iframe loading=\"lazy\" title=\"Snowshoeing in St. Anton am Arlberg (Rosannaweg)\" width=\"500\" height=\"281\" src=\"https:\/\/www.youtube.com\/embed\/nQsiPjXFK4I?feature=oembed\" frameborder=\"0\" allow=\"accelerometer; autoplay; clipboard-write; encrypted-media; gyroscope; picture-in-picture; web-share\" referrerpolicy=\"strict-origin-when-cross-origin\" allowfullscreen><\/iframe>\n<\/div><\/figure>\n\n\n\n<h3 class=\"wp-block-heading\">13. Dolomiten 29\/06\/2018 (Klettersteig)<\/h3>\n\n\n\n<p>Die Dolomiten in S\u00fcdtirol sind geschichtlich sehr interessant (wegen dem ersten <strong>Weltkrieg<\/strong>).<\/p>\n\n\n\n<p>Es war auf jeden Fall f\u00fcr uns das tollste Wandergebiet, das wir jemals gesehen hatten.<\/p>\n\n\n\n<p>Foto-Highlight sind die <strong>drei Zinnen<\/strong>.<\/p>\n\n\n\n<figure data-wp-context=\"{&quot;imageId&quot;:&quot;69f50a8d5d1e4&quot;}\" data-wp-interactive=\"core\/image\" data-wp-key=\"69f50a8d5d1e4\" class=\"wp-block-image size-large wp-lightbox-container\"><img loading=\"lazy\" decoding=\"async\" width=\"1024\" height=\"908\" data-wp-class--hide=\"state.isContentHidden\" data-wp-class--show=\"state.isContentVisible\" data-wp-init=\"callbacks.setButtonStyles\" data-wp-on--click=\"actions.showLightbox\" data-wp-on--load=\"callbacks.setButtonStyles\" data-wp-on-window--resize=\"callbacks.setButtonStyles\" src=\"https:\/\/bernhardherzog.com\/de\/wp-content\/uploads\/sites\/2\/2020\/04\/36778588_10216892725140497_1688381266447040512_o-1024x908.jpg\" alt=\"\" class=\"wp-image-18815\" srcset=\"https:\/\/bernhardherzog.com\/de\/wp-content\/uploads\/sites\/2\/2020\/04\/36778588_10216892725140497_1688381266447040512_o-1024x908.jpg 1024w, https:\/\/bernhardherzog.com\/de\/wp-content\/uploads\/sites\/2\/2020\/04\/36778588_10216892725140497_1688381266447040512_o-300x266.jpg 300w, https:\/\/bernhardherzog.com\/de\/wp-content\/uploads\/sites\/2\/2020\/04\/36778588_10216892725140497_1688381266447040512_o-768x681.jpg 768w, https:\/\/bernhardherzog.com\/de\/wp-content\/uploads\/sites\/2\/2020\/04\/36778588_10216892725140497_1688381266447040512_o-1536x1361.jpg 1536w, https:\/\/bernhardherzog.com\/de\/wp-content\/uploads\/sites\/2\/2020\/04\/36778588_10216892725140497_1688381266447040512_o.jpg 2048w\" sizes=\"auto, (max-width: 1024px) 100vw, 1024px\" \/><button\n\t\t\tclass=\"lightbox-trigger\"\n\t\t\ttype=\"button\"\n\t\t\taria-haspopup=\"dialog\"\n\t\t\taria-label=\"Vergr\u00f6\u00dfern\"\n\t\t\tdata-wp-init=\"callbacks.initTriggerButton\"\n\t\t\tdata-wp-on--click=\"actions.showLightbox\"\n\t\t\tdata-wp-style--right=\"state.imageButtonRight\"\n\t\t\tdata-wp-style--top=\"state.imageButtonTop\"\n\t\t>\n\t\t\t<svg xmlns=\"http:\/\/www.w3.org\/2000\/svg\" width=\"12\" height=\"12\" fill=\"none\" viewBox=\"0 0 12 12\">\n\t\t\t\t<path fill=\"#fff\" d=\"M2 0a2 2 0 0 0-2 2v2h1.5V2a.5.5 0 0 1 .5-.5h2V0H2Zm2 10.5H2a.5.5 0 0 1-.5-.5V8H0v2a2 2 0 0 0 2 2h2v-1.5ZM8 12v-1.5h2a.5.5 0 0 0 .5-.5V8H12v2a2 2 0 0 1-2 2H8Zm2-12a2 2 0 0 1 2 2v2h-1.5V2a.5.5 0 0 0-.5-.5H8V0h2Z\" \/>\n\t\t\t<\/svg>\n\t\t<\/button><figcaption>Blick auf die drein Zinnen (1\/60 @ F4.0, ISO 200, 16mm, Sony a6500)<\/figcaption><\/figure>\n\n\n\n<p>Wir haben den Paternkofel Klettersteig gemacht, immer mit Aussicht zu den drei Zinnen.<\/p>\n\n\n\n<figure data-wp-context=\"{&quot;imageId&quot;:&quot;69f50a8d5d613&quot;}\" data-wp-interactive=\"core\/image\" data-wp-key=\"69f50a8d5d613\" class=\"wp-block-image size-large wp-lightbox-container\"><img loading=\"lazy\" decoding=\"async\" width=\"569\" height=\"960\" data-wp-class--hide=\"state.isContentHidden\" data-wp-class--show=\"state.isContentVisible\" data-wp-init=\"callbacks.setButtonStyles\" data-wp-on--click=\"actions.showLightbox\" data-wp-on--load=\"callbacks.setButtonStyles\" data-wp-on-window--resize=\"callbacks.setButtonStyles\" src=\"https:\/\/bernhardherzog.com\/de\/wp-content\/uploads\/sites\/2\/2020\/04\/36728149_10216892838583333_2396448105986785280_o-1.jpg\" alt=\"\" class=\"wp-image-18822\" srcset=\"https:\/\/bernhardherzog.com\/de\/wp-content\/uploads\/sites\/2\/2020\/04\/36728149_10216892838583333_2396448105986785280_o-1.jpg 569w, https:\/\/bernhardherzog.com\/de\/wp-content\/uploads\/sites\/2\/2020\/04\/36728149_10216892838583333_2396448105986785280_o-1-178x300.jpg 178w\" sizes=\"auto, (max-width: 569px) 100vw, 569px\" \/><button\n\t\t\tclass=\"lightbox-trigger\"\n\t\t\ttype=\"button\"\n\t\t\taria-haspopup=\"dialog\"\n\t\t\taria-label=\"Vergr\u00f6\u00dfern\"\n\t\t\tdata-wp-init=\"callbacks.initTriggerButton\"\n\t\t\tdata-wp-on--click=\"actions.showLightbox\"\n\t\t\tdata-wp-style--right=\"state.imageButtonRight\"\n\t\t\tdata-wp-style--top=\"state.imageButtonTop\"\n\t\t>\n\t\t\t<svg xmlns=\"http:\/\/www.w3.org\/2000\/svg\" width=\"12\" height=\"12\" fill=\"none\" viewBox=\"0 0 12 12\">\n\t\t\t\t<path fill=\"#fff\" d=\"M2 0a2 2 0 0 0-2 2v2h1.5V2a.5.5 0 0 1 .5-.5h2V0H2Zm2 10.5H2a.5.5 0 0 1-.5-.5V8H0v2a2 2 0 0 0 2 2h2v-1.5ZM8 12v-1.5h2a.5.5 0 0 0 .5-.5V8H12v2a2 2 0 0 1-2 2H8Zm2-12a2 2 0 0 1 2 2v2h-1.5V2a.5.5 0 0 0-.5-.5H8V0h2Z\" \/>\n\t\t\t<\/svg>\n\t\t<\/button><figcaption>Paternkofel-Klettersteig (1\/160 @ F4.0, ISO 250, 16mm, Sony a6500)<\/figcaption><\/figure>\n\n\n\n<p>Der Weg ist ein ehemaliger Kriegsstollen.<\/p>\n\n\n\n<figure class=\"wp-block-gallery has-nested-images columns-default is-cropped wp-block-gallery-4 is-layout-flex wp-block-gallery-is-layout-flex\">\n<figure class=\"wp-block-image size-large\"><a href=\"https:\/\/bernhardherzog.com\/de\/wp-content\/uploads\/sites\/2\/2020\/04\/36748601_10216892685099496_200349736048263168_o-1024x777.jpg\"><img loading=\"lazy\" decoding=\"async\" width=\"1024\" height=\"777\" data-id=\"18816\" src=\"https:\/\/bernhardherzog.com\/de\/wp-content\/uploads\/sites\/2\/2020\/04\/36748601_10216892685099496_200349736048263168_o-1024x777.jpg\" alt=\"\" class=\"wp-image-18816\" srcset=\"https:\/\/bernhardherzog.com\/de\/wp-content\/uploads\/sites\/2\/2020\/04\/36748601_10216892685099496_200349736048263168_o-1024x777.jpg 1024w, https:\/\/bernhardherzog.com\/de\/wp-content\/uploads\/sites\/2\/2020\/04\/36748601_10216892685099496_200349736048263168_o-300x227.jpg 300w, https:\/\/bernhardherzog.com\/de\/wp-content\/uploads\/sites\/2\/2020\/04\/36748601_10216892685099496_200349736048263168_o-768x582.jpg 768w, https:\/\/bernhardherzog.com\/de\/wp-content\/uploads\/sites\/2\/2020\/04\/36748601_10216892685099496_200349736048263168_o-1536x1165.jpg 1536w, https:\/\/bernhardherzog.com\/de\/wp-content\/uploads\/sites\/2\/2020\/04\/36748601_10216892685099496_200349736048263168_o.jpg 2048w\" sizes=\"auto, (max-width: 1024px) 100vw, 1024px\" \/><\/a><figcaption>(1\/500 @ F4.5, ISO 100, 16mm, Sony a6500)<\/figcaption><\/figure>\n\n\n\n<figure class=\"wp-block-image size-large\"><a href=\"https:\/\/bernhardherzog.com\/de\/wp-content\/uploads\/sites\/2\/2020\/04\/36726888_10216892659058845_7301033903110750208_o.jpg\"><img loading=\"lazy\" decoding=\"async\" width=\"723\" height=\"960\" data-id=\"18817\" src=\"https:\/\/bernhardherzog.com\/de\/wp-content\/uploads\/sites\/2\/2020\/04\/36726888_10216892659058845_7301033903110750208_o.jpg\" alt=\"\" class=\"wp-image-18817\" srcset=\"https:\/\/bernhardherzog.com\/de\/wp-content\/uploads\/sites\/2\/2020\/04\/36726888_10216892659058845_7301033903110750208_o.jpg 723w, https:\/\/bernhardherzog.com\/de\/wp-content\/uploads\/sites\/2\/2020\/04\/36726888_10216892659058845_7301033903110750208_o-226x300.jpg 226w\" sizes=\"auto, (max-width: 723px) 100vw, 723px\" \/><\/a><figcaption>(1\/320 @ F 4.5, ISO 100, 16mm, Sony a6500)<\/figcaption><\/figure>\n\n\n\n<figure class=\"wp-block-image size-large\"><a href=\"https:\/\/bernhardherzog.com\/de\/wp-content\/uploads\/sites\/2\/2020\/04\/36732369_10216892597177298_6895998214852313088_o-1024x558.jpg\"><img loading=\"lazy\" decoding=\"async\" width=\"1024\" height=\"558\" data-id=\"18819\" src=\"https:\/\/bernhardherzog.com\/de\/wp-content\/uploads\/sites\/2\/2020\/04\/36732369_10216892597177298_6895998214852313088_o-1024x558.jpg\" alt=\"\" class=\"wp-image-18819\" srcset=\"https:\/\/bernhardherzog.com\/de\/wp-content\/uploads\/sites\/2\/2020\/04\/36732369_10216892597177298_6895998214852313088_o-1024x558.jpg 1024w, https:\/\/bernhardherzog.com\/de\/wp-content\/uploads\/sites\/2\/2020\/04\/36732369_10216892597177298_6895998214852313088_o-300x163.jpg 300w, https:\/\/bernhardherzog.com\/de\/wp-content\/uploads\/sites\/2\/2020\/04\/36732369_10216892597177298_6895998214852313088_o-768x419.jpg 768w, https:\/\/bernhardherzog.com\/de\/wp-content\/uploads\/sites\/2\/2020\/04\/36732369_10216892597177298_6895998214852313088_o-1536x837.jpg 1536w, https:\/\/bernhardherzog.com\/de\/wp-content\/uploads\/sites\/2\/2020\/04\/36732369_10216892597177298_6895998214852313088_o.jpg 2048w\" sizes=\"auto, (max-width: 1024px) 100vw, 1024px\" \/><\/a><figcaption>Sony 6500<\/figcaption><\/figure>\n\n\n\n<figure class=\"wp-block-image size-large\"><a href=\"https:\/\/bernhardherzog.com\/de\/wp-content\/uploads\/sites\/2\/2020\/04\/36745610_10216894004332476_196576620163629056_o.jpg\"><img loading=\"lazy\" decoding=\"async\" width=\"640\" height=\"960\" data-id=\"18820\" src=\"https:\/\/bernhardherzog.com\/de\/wp-content\/uploads\/sites\/2\/2020\/04\/36745610_10216894004332476_196576620163629056_o.jpg\" alt=\"\" class=\"wp-image-18820\" srcset=\"https:\/\/bernhardherzog.com\/de\/wp-content\/uploads\/sites\/2\/2020\/04\/36745610_10216894004332476_196576620163629056_o.jpg 640w, https:\/\/bernhardherzog.com\/de\/wp-content\/uploads\/sites\/2\/2020\/04\/36745610_10216894004332476_196576620163629056_o-200x300.jpg 200w\" sizes=\"auto, (max-width: 640px) 100vw, 640px\" \/><\/a><\/figure>\n\n\n\n<figure class=\"wp-block-image size-large\"><a href=\"https:\/\/bernhardherzog.com\/de\/wp-content\/uploads\/sites\/2\/2020\/04\/36747185_10216892776661785_1838220121215074304_o.jpg\"><img loading=\"lazy\" decoding=\"async\" width=\"640\" height=\"960\" data-id=\"18821\" src=\"https:\/\/bernhardherzog.com\/de\/wp-content\/uploads\/sites\/2\/2020\/04\/36747185_10216892776661785_1838220121215074304_o.jpg\" alt=\"\" class=\"wp-image-18821\" srcset=\"https:\/\/bernhardherzog.com\/de\/wp-content\/uploads\/sites\/2\/2020\/04\/36747185_10216892776661785_1838220121215074304_o.jpg 640w, https:\/\/bernhardherzog.com\/de\/wp-content\/uploads\/sites\/2\/2020\/04\/36747185_10216892776661785_1838220121215074304_o-200x300.jpg 200w\" sizes=\"auto, (max-width: 640px) 100vw, 640px\" \/><\/a><figcaption>(1\/320 @ F4.5, ISO 100, 16mm, Sony a6500)<\/figcaption><\/figure>\n<\/figure>\n\n\n\n<p>Ich hatte sehr viel <strong>Kameraausr\u00fcstung <\/strong>dabei, mein Gimbal, gute Objektive, meine GoPro, meine neue 6500 (zum Filmen mit 4K) usw. Da die Wanderung l\u00e4nger als gedacht war, habe ich Probleme bekommen und wir haben viel zu lange gebraucht. Zum Gl\u00fcck hat uns ein Autofahrer mitgenommen, weil Busse gab es keine mehr.<\/p>\n\n\n\n<p>Wenn es nicht immer dieses Foto sein muss kann man in der Umgebung fast genauso tolle Wanderungen mit viel weniger Touristen machen.<\/p>\n\n\n\n<figure data-wp-context=\"{&quot;imageId&quot;:&quot;69f50a8d5de46&quot;}\" data-wp-interactive=\"core\/image\" data-wp-key=\"69f50a8d5de46\" class=\"wp-block-image size-large wp-lightbox-container\"><img loading=\"lazy\" decoding=\"async\" width=\"1024\" height=\"557\" data-wp-class--hide=\"state.isContentHidden\" data-wp-class--show=\"state.isContentVisible\" data-wp-init=\"callbacks.setButtonStyles\" data-wp-on--click=\"actions.showLightbox\" data-wp-on--load=\"callbacks.setButtonStyles\" data-wp-on-window--resize=\"callbacks.setButtonStyles\" src=\"https:\/\/bernhardherzog.com\/de\/wp-content\/uploads\/sites\/2\/2020\/04\/36811972_10216893908490080_610899191652155392_o-1024x557.jpg\" alt=\"\" class=\"wp-image-18824\" srcset=\"https:\/\/bernhardherzog.com\/de\/wp-content\/uploads\/sites\/2\/2020\/04\/36811972_10216893908490080_610899191652155392_o-1024x557.jpg 1024w, https:\/\/bernhardherzog.com\/de\/wp-content\/uploads\/sites\/2\/2020\/04\/36811972_10216893908490080_610899191652155392_o-300x163.jpg 300w, https:\/\/bernhardherzog.com\/de\/wp-content\/uploads\/sites\/2\/2020\/04\/36811972_10216893908490080_610899191652155392_o-768x418.jpg 768w, https:\/\/bernhardherzog.com\/de\/wp-content\/uploads\/sites\/2\/2020\/04\/36811972_10216893908490080_610899191652155392_o-1536x836.jpg 1536w, https:\/\/bernhardherzog.com\/de\/wp-content\/uploads\/sites\/2\/2020\/04\/36811972_10216893908490080_610899191652155392_o.jpg 2048w\" sizes=\"auto, (max-width: 1024px) 100vw, 1024px\" \/><button\n\t\t\tclass=\"lightbox-trigger\"\n\t\t\ttype=\"button\"\n\t\t\taria-haspopup=\"dialog\"\n\t\t\taria-label=\"Vergr\u00f6\u00dfern\"\n\t\t\tdata-wp-init=\"callbacks.initTriggerButton\"\n\t\t\tdata-wp-on--click=\"actions.showLightbox\"\n\t\t\tdata-wp-style--right=\"state.imageButtonRight\"\n\t\t\tdata-wp-style--top=\"state.imageButtonTop\"\n\t\t>\n\t\t\t<svg xmlns=\"http:\/\/www.w3.org\/2000\/svg\" width=\"12\" height=\"12\" fill=\"none\" viewBox=\"0 0 12 12\">\n\t\t\t\t<path fill=\"#fff\" d=\"M2 0a2 2 0 0 0-2 2v2h1.5V2a.5.5 0 0 1 .5-.5h2V0H2Zm2 10.5H2a.5.5 0 0 1-.5-.5V8H0v2a2 2 0 0 0 2 2h2v-1.5ZM8 12v-1.5h2a.5.5 0 0 0 .5-.5V8H12v2a2 2 0 0 1-2 2H8Zm2-12a2 2 0 0 1 2 2v2h-1.5V2a.5.5 0 0 0-.5-.5H8V0h2Z\" \/>\n\t\t\t<\/svg>\n\t\t<\/button><figcaption>wir lassen die drei Zinnen hinter uns (1\/500 @ F4.5, ISO 100, 16mm, Sony a6500)<\/figcaption><\/figure>\n\n\n\n<p>Nicht &#8222;verschweigen&#8220; sollte man dieses Foto am Pragser Wildsee.<\/p>\n\n\n\n<figure data-wp-context=\"{&quot;imageId&quot;:&quot;69f50a8d5e347&quot;}\" data-wp-interactive=\"core\/image\" data-wp-key=\"69f50a8d5e347\" class=\"wp-block-image size-large wp-lightbox-container\"><img loading=\"lazy\" decoding=\"async\" width=\"1024\" height=\"806\" data-wp-class--hide=\"state.isContentHidden\" data-wp-class--show=\"state.isContentVisible\" data-wp-init=\"callbacks.setButtonStyles\" data-wp-on--click=\"actions.showLightbox\" data-wp-on--load=\"callbacks.setButtonStyles\" data-wp-on-window--resize=\"callbacks.setButtonStyles\" src=\"https:\/\/bernhardherzog.com\/de\/wp-content\/uploads\/sites\/2\/2020\/04\/36795901_10216893348396078_9088754249831022592_o-1024x806.jpg\" alt=\"\" class=\"wp-image-18825\" srcset=\"https:\/\/bernhardherzog.com\/de\/wp-content\/uploads\/sites\/2\/2020\/04\/36795901_10216893348396078_9088754249831022592_o-1024x806.jpg 1024w, https:\/\/bernhardherzog.com\/de\/wp-content\/uploads\/sites\/2\/2020\/04\/36795901_10216893348396078_9088754249831022592_o-300x236.jpg 300w, https:\/\/bernhardherzog.com\/de\/wp-content\/uploads\/sites\/2\/2020\/04\/36795901_10216893348396078_9088754249831022592_o-768x604.jpg 768w, https:\/\/bernhardherzog.com\/de\/wp-content\/uploads\/sites\/2\/2020\/04\/36795901_10216893348396078_9088754249831022592_o-1536x1208.jpg 1536w, https:\/\/bernhardherzog.com\/de\/wp-content\/uploads\/sites\/2\/2020\/04\/36795901_10216893348396078_9088754249831022592_o.jpg 2048w\" sizes=\"auto, (max-width: 1024px) 100vw, 1024px\" \/><button\n\t\t\tclass=\"lightbox-trigger\"\n\t\t\ttype=\"button\"\n\t\t\taria-haspopup=\"dialog\"\n\t\t\taria-label=\"Vergr\u00f6\u00dfern\"\n\t\t\tdata-wp-init=\"callbacks.initTriggerButton\"\n\t\t\tdata-wp-on--click=\"actions.showLightbox\"\n\t\t\tdata-wp-style--right=\"state.imageButtonRight\"\n\t\t\tdata-wp-style--top=\"state.imageButtonTop\"\n\t\t>\n\t\t\t<svg xmlns=\"http:\/\/www.w3.org\/2000\/svg\" width=\"12\" height=\"12\" fill=\"none\" viewBox=\"0 0 12 12\">\n\t\t\t\t<path fill=\"#fff\" d=\"M2 0a2 2 0 0 0-2 2v2h1.5V2a.5.5 0 0 1 .5-.5h2V0H2Zm2 10.5H2a.5.5 0 0 1-.5-.5V8H0v2a2 2 0 0 0 2 2h2v-1.5ZM8 12v-1.5h2a.5.5 0 0 0 .5-.5V8H12v2a2 2 0 0 1-2 2H8Zm2-12a2 2 0 0 1 2 2v2h-1.5V2a.5.5 0 0 0-.5-.5H8V0h2Z\" \/>\n\t\t\t<\/svg>\n\t\t<\/button><figcaption>Pragser Wildsee (1\/400 @ F4.5, ISO 100, 16mm, Sony a6500)<\/figcaption><\/figure>\n\n\n\n<p>Das ist sicher eines der beliebtesten <strong>Instagram<\/strong>-Motive. Wer das machen will sollte m\u00f6glichst fr\u00fch dort sein, oder er teilt diese Aussicht mit ganz vielen Menschen.<\/p>\n\n\n\n<figure class=\"wp-block-embed is-type-video is-provider-youtube wp-block-embed-youtube wp-embed-aspect-16-9 wp-has-aspect-ratio\"><div class=\"wp-block-embed__wrapper\">\n<iframe loading=\"lazy\" title=\"Paternkofel \/ Monte Paterno \/ Tre Cime \/ Drei Zinnen \/ Dolomites \ud83d\uddfb\ud83d\uddfb\ud83d\uddfb in 4K\" width=\"500\" height=\"281\" src=\"https:\/\/www.youtube.com\/embed\/qG0hdd-4MGI?start=2&#038;feature=oembed\" frameborder=\"0\" allow=\"accelerometer; autoplay; clipboard-write; encrypted-media; gyroscope; picture-in-picture; web-share\" referrerpolicy=\"strict-origin-when-cross-origin\" allowfullscreen><\/iframe>\n<\/div><\/figure>\n\n\n\n<h3 class=\"wp-block-heading\">14. Mailand 10\/2018 und 10\/02\/2020 (Klettersteig)<\/h3>\n\n\n\n<p>Mailand ist das <strong>Mode<\/strong>-Mekka Europas, ich bin aber nicht so der Mode-Freak. Sehr sch\u00f6n ist trotzdem der <strong>Friedhof <\/strong>und der <strong>Duomo<\/strong>, wo man sogar aufs Dach gehen kann.<\/p>\n\n\n\n<figure data-wp-context=\"{&quot;imageId&quot;:&quot;69f50a8d5e86a&quot;}\" data-wp-interactive=\"core\/image\" data-wp-key=\"69f50a8d5e86a\" class=\"wp-block-image size-large wp-lightbox-container\"><img decoding=\"async\" data-wp-class--hide=\"state.isContentHidden\" data-wp-class--show=\"state.isContentVisible\" data-wp-init=\"callbacks.setButtonStyles\" data-wp-on--click=\"actions.showLightbox\" data-wp-on--load=\"callbacks.setButtonStyles\" data-wp-on-window--resize=\"callbacks.setButtonStyles\" src=\"http:\/\/bernhardherzog.com\/wp-content\/uploads\/sites\/2\/2020\/04\/DSCF6166-683x1024.jpg\" alt=\"\" class=\"wp-image-19102\"\/><button\n\t\t\tclass=\"lightbox-trigger\"\n\t\t\ttype=\"button\"\n\t\t\taria-haspopup=\"dialog\"\n\t\t\taria-label=\"Vergr\u00f6\u00dfern\"\n\t\t\tdata-wp-init=\"callbacks.initTriggerButton\"\n\t\t\tdata-wp-on--click=\"actions.showLightbox\"\n\t\t\tdata-wp-style--right=\"state.imageButtonRight\"\n\t\t\tdata-wp-style--top=\"state.imageButtonTop\"\n\t\t>\n\t\t\t<svg xmlns=\"http:\/\/www.w3.org\/2000\/svg\" width=\"12\" height=\"12\" fill=\"none\" viewBox=\"0 0 12 12\">\n\t\t\t\t<path fill=\"#fff\" d=\"M2 0a2 2 0 0 0-2 2v2h1.5V2a.5.5 0 0 1 .5-.5h2V0H2Zm2 10.5H2a.5.5 0 0 1-.5-.5V8H0v2a2 2 0 0 0 2 2h2v-1.5ZM8 12v-1.5h2a.5.5 0 0 0 .5-.5V8H12v2a2 2 0 0 1-2 2H8Zm2-12a2 2 0 0 1 2 2v2h-1.5V2a.5.5 0 0 0-.5-.5H8V0h2Z\" \/>\n\t\t\t<\/svg>\n\t\t<\/button><figcaption>Mail\u00e4nder Dom (1\/75 @ F2.8, ISO 200, 18mm, Fuji XT-2)<\/figcaption><\/figure>\n\n\n\n<figure data-wp-context=\"{&quot;imageId&quot;:&quot;69f50a8d5ee62&quot;}\" data-wp-interactive=\"core\/image\" data-wp-key=\"69f50a8d5ee62\" class=\"wp-block-image size-large wp-lightbox-container\"><img decoding=\"async\" data-wp-class--hide=\"state.isContentHidden\" data-wp-class--show=\"state.isContentVisible\" data-wp-init=\"callbacks.setButtonStyles\" data-wp-on--click=\"actions.showLightbox\" data-wp-on--load=\"callbacks.setButtonStyles\" data-wp-on-window--resize=\"callbacks.setButtonStyles\" src=\"http:\/\/bernhardherzog.com\/wp-content\/uploads\/sites\/2\/2020\/04\/DSC00379-1024x683.jpg\" alt=\"\" class=\"wp-image-18965\"\/><button\n\t\t\tclass=\"lightbox-trigger\"\n\t\t\ttype=\"button\"\n\t\t\taria-haspopup=\"dialog\"\n\t\t\taria-label=\"Vergr\u00f6\u00dfern\"\n\t\t\tdata-wp-init=\"callbacks.initTriggerButton\"\n\t\t\tdata-wp-on--click=\"actions.showLightbox\"\n\t\t\tdata-wp-style--right=\"state.imageButtonRight\"\n\t\t\tdata-wp-style--top=\"state.imageButtonTop\"\n\t\t>\n\t\t\t<svg xmlns=\"http:\/\/www.w3.org\/2000\/svg\" width=\"12\" height=\"12\" fill=\"none\" viewBox=\"0 0 12 12\">\n\t\t\t\t<path fill=\"#fff\" d=\"M2 0a2 2 0 0 0-2 2v2h1.5V2a.5.5 0 0 1 .5-.5h2V0H2Zm2 10.5H2a.5.5 0 0 1-.5-.5V8H0v2a2 2 0 0 0 2 2h2v-1.5ZM8 12v-1.5h2a.5.5 0 0 0 .5-.5V8H12v2a2 2 0 0 1-2 2H8Zm2-12a2 2 0 0 1 2 2v2h-1.5V2a.5.5 0 0 0-.5-.5H8V0h2Z\" \/>\n\t\t\t<\/svg>\n\t\t<\/button><figcaption>Cimitero Monumentale (1\/160 @ F4.0, ISO 640, 16mm, Sony a6500)<\/figcaption><\/figure>\n\n\n\n<p>Gerade noch rechtzeitig vor der Corona-Pandemie waren wir in <strong>Bergamo<\/strong>. In der N\u00e4he ist der <strong>Comer See <\/strong>mit pitoresken kleinen Orten. Man darf sich dort aber im Sommer nicht wundern, wenn es mehr Touristen als Einheimische gibt, im Winter ist daf\u00fcr oft alles geschlossen.<\/p>\n\n\n\n<figure data-wp-context=\"{&quot;imageId&quot;:&quot;69f50a8d5f2e3&quot;}\" data-wp-interactive=\"core\/image\" data-wp-key=\"69f50a8d5f2e3\" class=\"wp-block-image size-large wp-lightbox-container\"><img decoding=\"async\" data-wp-class--hide=\"state.isContentHidden\" data-wp-class--show=\"state.isContentVisible\" data-wp-init=\"callbacks.setButtonStyles\" data-wp-on--click=\"actions.showLightbox\" data-wp-on--load=\"callbacks.setButtonStyles\" data-wp-on-window--resize=\"callbacks.setButtonStyles\" src=\"http:\/\/bernhardherzog.com\/wp-content\/uploads\/sites\/2\/2020\/04\/DSCF3950-1024x683.jpg\" alt=\"\" class=\"wp-image-18967\"\/><button\n\t\t\tclass=\"lightbox-trigger\"\n\t\t\ttype=\"button\"\n\t\t\taria-haspopup=\"dialog\"\n\t\t\taria-label=\"Vergr\u00f6\u00dfern\"\n\t\t\tdata-wp-init=\"callbacks.initTriggerButton\"\n\t\t\tdata-wp-on--click=\"actions.showLightbox\"\n\t\t\tdata-wp-style--right=\"state.imageButtonRight\"\n\t\t\tdata-wp-style--top=\"state.imageButtonTop\"\n\t\t>\n\t\t\t<svg xmlns=\"http:\/\/www.w3.org\/2000\/svg\" width=\"12\" height=\"12\" fill=\"none\" viewBox=\"0 0 12 12\">\n\t\t\t\t<path fill=\"#fff\" d=\"M2 0a2 2 0 0 0-2 2v2h1.5V2a.5.5 0 0 1 .5-.5h2V0H2Zm2 10.5H2a.5.5 0 0 1-.5-.5V8H0v2a2 2 0 0 0 2 2h2v-1.5ZM8 12v-1.5h2a.5.5 0 0 0 .5-.5V8H12v2a2 2 0 0 1-2 2H8Zm2-12a2 2 0 0 1 2 2v2h-1.5V2a.5.5 0 0 0-.5-.5H8V0h2Z\" \/>\n\t\t\t<\/svg>\n\t\t<\/button><figcaption>Varenna am Comer See (1\/60 @ F3.6, ISO 500, 34.3mm, Fuji XT-2)<\/figcaption><\/figure>\n\n\n\n<p>Diese Gegend eignet sich vorz\u00fcglich zum Wandern und Italien ist sowieso ber\u00fchmt f\u00fcr seine Klettersteige (<strong>Via Ferratas<\/strong>). Dort kann man gut Action-Fotos machen.<\/p>\n\n\n\n<figure data-wp-context=\"{&quot;imageId&quot;:&quot;69f50a8d5f73d&quot;}\" data-wp-interactive=\"core\/image\" data-wp-key=\"69f50a8d5f73d\" class=\"wp-block-image size-large wp-lightbox-container\"><img decoding=\"async\" data-wp-class--hide=\"state.isContentHidden\" data-wp-class--show=\"state.isContentVisible\" data-wp-init=\"callbacks.setButtonStyles\" data-wp-on--click=\"actions.showLightbox\" data-wp-on--load=\"callbacks.setButtonStyles\" data-wp-on-window--resize=\"callbacks.setButtonStyles\" src=\"http:\/\/bernhardherzog.com\/wp-content\/uploads\/sites\/2\/2020\/04\/20200211_115338.jpg\" alt=\"\" class=\"wp-image-19060\"\/><button\n\t\t\tclass=\"lightbox-trigger\"\n\t\t\ttype=\"button\"\n\t\t\taria-haspopup=\"dialog\"\n\t\t\taria-label=\"Vergr\u00f6\u00dfern\"\n\t\t\tdata-wp-init=\"callbacks.initTriggerButton\"\n\t\t\tdata-wp-on--click=\"actions.showLightbox\"\n\t\t\tdata-wp-style--right=\"state.imageButtonRight\"\n\t\t\tdata-wp-style--top=\"state.imageButtonTop\"\n\t\t>\n\t\t\t<svg xmlns=\"http:\/\/www.w3.org\/2000\/svg\" width=\"12\" height=\"12\" fill=\"none\" viewBox=\"0 0 12 12\">\n\t\t\t\t<path fill=\"#fff\" d=\"M2 0a2 2 0 0 0-2 2v2h1.5V2a.5.5 0 0 1 .5-.5h2V0H2Zm2 10.5H2a.5.5 0 0 1-.5-.5V8H0v2a2 2 0 0 0 2 2h2v-1.5ZM8 12v-1.5h2a.5.5 0 0 0 .5-.5V8H12v2a2 2 0 0 1-2 2H8Zm2-12a2 2 0 0 1 2 2v2h-1.5V2a.5.5 0 0 0-.5-.5H8V0h2Z\" \/>\n\t\t\t<\/svg>\n\t\t<\/button><figcaption>am Klettersteig \u00fcber dem Comer See (1\/370 @ F2.2, ISO 50, 1.8mm, Samsung s10+)<\/figcaption><\/figure>\n\n\n\n<figure data-wp-context=\"{&quot;imageId&quot;:&quot;69f50a8d5fb22&quot;}\" data-wp-interactive=\"core\/image\" data-wp-key=\"69f50a8d5fb22\" class=\"wp-block-image size-large wp-lightbox-container\"><img decoding=\"async\" data-wp-class--hide=\"state.isContentHidden\" data-wp-class--show=\"state.isContentVisible\" data-wp-init=\"callbacks.setButtonStyles\" data-wp-on--click=\"actions.showLightbox\" data-wp-on--load=\"callbacks.setButtonStyles\" data-wp-on-window--resize=\"callbacks.setButtonStyles\" src=\"http:\/\/bernhardherzog.com\/wp-content\/uploads\/sites\/2\/2020\/04\/DJI_0989-1024x767.jpg\" alt=\"\" class=\"wp-image-18968\"\/><button\n\t\t\tclass=\"lightbox-trigger\"\n\t\t\ttype=\"button\"\n\t\t\taria-haspopup=\"dialog\"\n\t\t\taria-label=\"Vergr\u00f6\u00dfern\"\n\t\t\tdata-wp-init=\"callbacks.initTriggerButton\"\n\t\t\tdata-wp-on--click=\"actions.showLightbox\"\n\t\t\tdata-wp-style--right=\"state.imageButtonRight\"\n\t\t\tdata-wp-style--top=\"state.imageButtonTop\"\n\t\t>\n\t\t\t<svg xmlns=\"http:\/\/www.w3.org\/2000\/svg\" width=\"12\" height=\"12\" fill=\"none\" viewBox=\"0 0 12 12\">\n\t\t\t\t<path fill=\"#fff\" d=\"M2 0a2 2 0 0 0-2 2v2h1.5V2a.5.5 0 0 1 .5-.5h2V0H2Zm2 10.5H2a.5.5 0 0 1-.5-.5V8H0v2a2 2 0 0 0 2 2h2v-1.5ZM8 12v-1.5h2a.5.5 0 0 0 .5-.5V8H12v2a2 2 0 0 1-2 2H8Zm2-12a2 2 0 0 1 2 2v2h-1.5V2a.5.5 0 0 0-.5-.5H8V0h2Z\" \/>\n\t\t\t<\/svg>\n\t\t<\/button><figcaption>Monte Grona (1\/900 @ F2.8, ISO 100, 4.5mm, DJI Mavic Air)<\/figcaption><\/figure>\n\n\n\n<h3 class=\"wp-block-heading\">15. Bojnice 11\/2018<\/h3>\n\n\n\n<p>Bojince in der Slowakei ist ein beliebtes Ausflugsziel f\u00fcr slowakische Touristen. Deswegen halten sich zum Gl\u00fcck die Preise f\u00fcr Unterk\u00fcnfte und Essen sehr in Grenzen.<\/p>\n\n\n\n<p>Das sch\u00f6nste Foto von der Burg haben wir in der Fr\u00fch mit der <strong>Drohne <\/strong>gemacht (DJI Mavic Air):<\/p>\n\n\n\n<figure data-wp-context=\"{&quot;imageId&quot;:&quot;69f50a8d5ffd3&quot;}\" data-wp-interactive=\"core\/image\" data-wp-key=\"69f50a8d5ffd3\" class=\"wp-block-image size-large wp-lightbox-container\"><img decoding=\"async\" data-wp-class--hide=\"state.isContentHidden\" data-wp-class--show=\"state.isContentVisible\" data-wp-init=\"callbacks.setButtonStyles\" data-wp-on--click=\"actions.showLightbox\" data-wp-on--load=\"callbacks.setButtonStyles\" data-wp-on-window--resize=\"callbacks.setButtonStyles\" src=\"http:\/\/bernhardherzog.com\/wp-content\/uploads\/sites\/2\/2020\/04\/DJI_0158-Pano-1024x761.jpg\" alt=\"\" class=\"wp-image-18969\"\/><button\n\t\t\tclass=\"lightbox-trigger\"\n\t\t\ttype=\"button\"\n\t\t\taria-haspopup=\"dialog\"\n\t\t\taria-label=\"Vergr\u00f6\u00dfern\"\n\t\t\tdata-wp-init=\"callbacks.initTriggerButton\"\n\t\t\tdata-wp-on--click=\"actions.showLightbox\"\n\t\t\tdata-wp-style--right=\"state.imageButtonRight\"\n\t\t\tdata-wp-style--top=\"state.imageButtonTop\"\n\t\t>\n\t\t\t<svg xmlns=\"http:\/\/www.w3.org\/2000\/svg\" width=\"12\" height=\"12\" fill=\"none\" viewBox=\"0 0 12 12\">\n\t\t\t\t<path fill=\"#fff\" d=\"M2 0a2 2 0 0 0-2 2v2h1.5V2a.5.5 0 0 1 .5-.5h2V0H2Zm2 10.5H2a.5.5 0 0 1-.5-.5V8H0v2a2 2 0 0 0 2 2h2v-1.5ZM8 12v-1.5h2a.5.5 0 0 0 .5-.5V8H12v2a2 2 0 0 1-2 2H8Zm2-12a2 2 0 0 1 2 2v2h-1.5V2a.5.5 0 0 0-.5-.5H8V0h2Z\" \/>\n\t\t\t<\/svg>\n\t\t<\/button><figcaption>Schloss Bojnice (1\/500 @ F2.8, ISO 108, 4.5mm, DJI Mavic Air)<\/figcaption><\/figure>\n\n\n\n<figure data-wp-context=\"{&quot;imageId&quot;:&quot;69f50a8d603f2&quot;}\" data-wp-interactive=\"core\/image\" data-wp-key=\"69f50a8d603f2\" class=\"wp-block-image size-large wp-lightbox-container\"><img decoding=\"async\" data-wp-class--hide=\"state.isContentHidden\" data-wp-class--show=\"state.isContentVisible\" data-wp-init=\"callbacks.setButtonStyles\" data-wp-on--click=\"actions.showLightbox\" data-wp-on--load=\"callbacks.setButtonStyles\" data-wp-on-window--resize=\"callbacks.setButtonStyles\" src=\"http:\/\/bernhardherzog.com\/wp-content\/uploads\/sites\/2\/2020\/04\/DJI_0155-1024x767.jpg\" alt=\"\" class=\"wp-image-18970\"\/><button\n\t\t\tclass=\"lightbox-trigger\"\n\t\t\ttype=\"button\"\n\t\t\taria-haspopup=\"dialog\"\n\t\t\taria-label=\"Vergr\u00f6\u00dfern\"\n\t\t\tdata-wp-init=\"callbacks.initTriggerButton\"\n\t\t\tdata-wp-on--click=\"actions.showLightbox\"\n\t\t\tdata-wp-style--right=\"state.imageButtonRight\"\n\t\t\tdata-wp-style--top=\"state.imageButtonTop\"\n\t\t>\n\t\t\t<svg xmlns=\"http:\/\/www.w3.org\/2000\/svg\" width=\"12\" height=\"12\" fill=\"none\" viewBox=\"0 0 12 12\">\n\t\t\t\t<path fill=\"#fff\" d=\"M2 0a2 2 0 0 0-2 2v2h1.5V2a.5.5 0 0 1 .5-.5h2V0H2Zm2 10.5H2a.5.5 0 0 1-.5-.5V8H0v2a2 2 0 0 0 2 2h2v-1.5ZM8 12v-1.5h2a.5.5 0 0 0 .5-.5V8H12v2a2 2 0 0 1-2 2H8Zm2-12a2 2 0 0 1 2 2v2h-1.5V2a.5.5 0 0 0-.5-.5H8V0h2Z\" \/>\n\t\t\t<\/svg>\n\t\t<\/button><figcaption>Schloss Bojnice (1\/480 @ F2.8, ISO 100, 4.5mm, DJI Mavic Air)<\/figcaption><\/figure>\n\n\n\n<p>Wir sind sehr fr\u00fch aufgestanden, damit wir niemanden st\u00f6ren. Au\u00dferdem ware wir im November, also nicht gerade in der Hauptsaison.<\/p>\n\n\n\n<p>Es gibt neben der Burg noch viel zu sehen, z.B. gibt es einen Zoo, Thermalb\u00e4der und einen Aussichtspunkt.<\/p>\n\n\n\n<figure class=\"wp-block-embed is-type-video is-provider-youtube wp-block-embed-youtube wp-embed-aspect-16-9 wp-has-aspect-ratio\"><div class=\"wp-block-embed__wrapper\">\n<iframe loading=\"lazy\" title=\"Bojnice in 4K - most beautiful castle of Slovakia\" width=\"500\" height=\"281\" src=\"https:\/\/www.youtube.com\/embed\/wDsxiR-iGu0?feature=oembed\" frameborder=\"0\" allow=\"accelerometer; autoplay; clipboard-write; encrypted-media; gyroscope; picture-in-picture; web-share\" referrerpolicy=\"strict-origin-when-cross-origin\" allowfullscreen><\/iframe>\n<\/div><\/figure>\n\n\n\n<h2 class=\"wp-block-heading\">Zusammenfassung<\/h2>\n\n\n\n<p>Wir hoffen wir haben euch ein paar Ideen geben k\u00f6nnen f\u00fcr eure eigenen (Foto-)Reisen. Auch wenn man f\u00fcr gute Fotos fr\u00fch aufstehen muss sollte man nicht darauf vergessen, die Reise zu genie\u00dfen und Spa\u00df zu haben.<\/p>\n\n\n\n<p>Im folgenden verlinken wir f\u00fcr euch noch unser aktuelles Foto-Equipment f\u00fcr Reisen. Im Moment verwende ich meistens die Sony a6500 und Patricia die Fuji XT-2. Inzwischen gibt es die Nachfolgemodelle a6600 und XT-4, die wir sehr empfehlen k\u00f6nnen. Mit beiden Kameras kann man auch gut Videos machen und man braucht nicht 2 Kameras f\u00fcr Foto und Video.<\/p>\n\n\n\n<p>Wenn man \u00e4lter wird, will man auch nicht mehr so viel schleppen, deswegen bleibt bei Reisen meine schwer Canon Vollformatkamera inzwischen zuhause. Wir sind mit unserer Entwicklung eigentlich ganz gl\u00fccklich, die \u00dcbung hat sich gelohnt und wir haben inzwischen ein professionelles Niveau erreicht.<\/p>\n\n\n\n<p>Postet Fragen oder Anmerkungen zu unseren Reisen und unserem Equipment gerne in den Kommentaren. Bis n\u00e4chstes Mal und gute Reise!<\/p>\n\n\n\n<p>*Bitte kauft die Produkte \u00fcber meine Links auf amazon.de. Ich bekomme eine kleine Belohnung f\u00fcr meine Arbeit, ohne dass euch dadurch irgendwelche Zusatzkosten entstehen. VIELEN DANK f\u00fcr eure Unterst\u00fctzung!<\/p>\n\n\n\n<p>\nEmpfohlene Kamera-Ausr\u00fcstung f\u00fcr Foto, Video &amp; Reisen (amazon.de):<br \/>\n<a class=\"call-to-action-button heartbeat\" href=\"https:\/\/amzn.to\/3Akrcz7\">Sony a6600<\/a>\n<a class=\"call-to-action-button heartbeat\" href=\"https:\/\/amzn.to\/2WZZI3j\">Sony a6400 (billiger)<\/a>\n<a class=\"call-to-action-button heartbeat\" href=\"https:\/\/amzn.to\/38Q7X2A\u200b\u200b\"> Sony a6100 (Budget-Option f\u00fcr 4K)<\/a>\n<a class=\"call-to-action-button heartbeat\" href=\"https:\/\/amzn.to\/2rNwg0N\u200b\u200b\">Sigma 16mm 1.4<\/a>\n<a class=\"call-to-action-button heartbeat\" href=\"https:\/\/amzn.to\/2YHit6I\u200b\u200b\">Sony 35mm 1.8<\/a>\n<a class=\"call-to-action-button heartbeat\" href=\"https:\/\/amzn.to\/2SNiC8z\u200b\u200b\">Samyang 12mm 2.0<\/a>\n<a class=\"call-to-action-button heartbeat\" href=\"https:\/\/amzn.to\/31ljy6d\u200b\u200b\">Feelworld Master MA7<\/a>\n<a class=\"call-to-action-button heartbeat\" href=\"https:\/\/amzn.to\/3AeY6ky\">Kleinerer Monitor<\/a>\n<a class=\"call-to-action-button heartbeat\" href=\"https:\/\/amzn.to\/3aJZmjf\u200b\u200b\">Rode VideoMicro<\/a>\n<a class=\"call-to-action-button heartbeat\" href=\"https:\/\/amzn.to\/2VoT8TL\">Rode Wireless Go II<\/a>\n<a class=\"call-to-action-button heartbeat\" href=\"https:\/\/amzn.to\/2Hx0Ksi\u200b\u200b\">Mini-Stativ<\/a>\n<a class=\"call-to-action-button heartbeat\" href=\"https:\/\/amzn.to\/2HsCIjs\u200b\u200b\">Reise-Stativ<\/a>\n<a class=\"call-to-action-button heartbeat\" href=\"https:\/\/amzn.to\/2HyBAJT\u200b\u200b\">Kleines LED-Licht<\/a>\n<a class=\"call-to-action-button heartbeat\" href=\"https:\/\/amzn.to\/2WfCIum\u200b\u200b\">Licht #1 (stark)<\/a>\n<a class=\"call-to-action-button heartbeat\" href=\"https:\/\/amzn.to\/2CQXRAD\u200b\u200b\">Licht #2 (Bi-Color)<\/a>\n<a class=\"call-to-action-button heartbeat\" href=\"https:\/\/amzn.to\/2xBe4dC\u200b\u200b\">Softbox f\u00fcr dieses Licht<\/a>\n<a class=\"call-to-action-button heartbeat\" href=\"https:\/\/amzn.to\/2ZwOPoY\u200b\u200b\">Lichtzelt<\/a>\n<a class=\"call-to-action-button heartbeat\" href=\"https:\/\/amzn.to\/2N9p47C\u200b\u200b\">DJI Osmo Action<\/a>\n<a class=\"call-to-action-button heartbeat\" href=\"https:\/\/amzn.to\/3AbE0rw\">GoPro 9<\/a>\n<a class=\"call-to-action-button heartbeat\" href=\"https:\/\/amzn.to\/36cAYFp\u200b\u200b\">GoPro MAX<\/a>\n<a class=\"call-to-action-button heartbeat\" href=\"https:\/\/amzn.to\/2PHPnUb\">Invisible Selfie Stick<\/a>\n<a class=\"call-to-action-button heartbeat\" href=\"https:\/\/amzn.to\/3aoaqCG\u200b\u200b\">Mavic Mini Drohne<\/a>\n<a class=\"call-to-action-button heartbeat\" href=\"https:\/\/amzn.to\/2SKrdZI\u200b\u200b\">Mavic Air 2<\/a>\n<br \/>f\u00fcr Fotos und Videos:<br \/>\n<a class=\"call-to-action-button heartbeat\" href=\"https:\/\/amzn.to\/35JMIPv\u200b\u200b\">Fuji XT-4<\/a>\n<a class=\"call-to-action-button heartbeat\" href=\"https:\/\/amzn.to\/2WIf6zg\u200b\u200b\">Fuji Telezoom<\/a>\n<a class=\"call-to-action-button heartbeat\" href=\"https:\/\/amzn.to\/2RkN4HX\u200b\u200b\">Einsteigerkamera (Canon)<\/a>\n<\/p>\n\n\n\n<p>*Affiliate Links: Ich bekomme f\u00fcr euch kostenlos eine kleine Belohnung die mir hilft, diese Webseite zu erhalten. DANKE f\u00fcr eure Unterst\u00fctzung!<\/p>\n","protected":false},"excerpt":{"rendered":"<p>Wir pr\u00e4sentieren euch heute unsere sch\u00f6nsten Foto-Reiseziele in Europa. In unserem Artikel \u00fcber globale Foto-Reiseziele haben wir euch noch unsere sch\u00f6nsten Ziele gezeigt, die man mit kurzen Fl\u00fcgen erreichen kann. Allerdings will man in Zeiten von Klimaschutz vielleicht auf Flugreisen verzichten. Bzw. werden gerade durch den Corona-Virus wieder lokale Ziele beliebt. Wir hatten Zeit um [&hellip;]<\/p>\n","protected":false},"author":2,"featured_media":19191,"comment_status":"open","ping_status":"open","sticky":false,"template":"","format":"standard","meta":{"inline_featured_image":false,"footnotes":""},"categories":[19,17],"tags":[],"class_list":["post-18742","post","type-post","status-publish","format-standard","has-post-thumbnail","hentry","category-photo","category-travel"],"_links":{"self":[{"href":"https:\/\/bernhardherzog.com\/de\/wp-json\/wp\/v2\/posts\/18742","targetHints":{"allow":["GET"]}}],"collection":[{"href":"https:\/\/bernhardherzog.com\/de\/wp-json\/wp\/v2\/posts"}],"about":[{"href":"https:\/\/bernhardherzog.com\/de\/wp-json\/wp\/v2\/types\/post"}],"author":[{"embeddable":true,"href":"https:\/\/bernhardherzog.com\/de\/wp-json\/wp\/v2\/users\/2"}],"replies":[{"embeddable":true,"href":"https:\/\/bernhardherzog.com\/de\/wp-json\/wp\/v2\/comments?post=18742"}],"version-history":[{"count":0,"href":"https:\/\/bernhardherzog.com\/de\/wp-json\/wp\/v2\/posts\/18742\/revisions"}],"wp:featuredmedia":[{"embeddable":true,"href":"https:\/\/bernhardherzog.com\/de\/wp-json\/wp\/v2\/media\/19191"}],"wp:attachment":[{"href":"https:\/\/bernhardherzog.com\/de\/wp-json\/wp\/v2\/media?parent=18742"}],"wp:term":[{"taxonomy":"category","embeddable":true,"href":"https:\/\/bernhardherzog.com\/de\/wp-json\/wp\/v2\/categories?post=18742"},{"taxonomy":"post_tag","embeddable":true,"href":"https:\/\/bernhardherzog.com\/de\/wp-json\/wp\/v2\/tags?post=18742"}],"curies":[{"name":"wp","href":"https:\/\/api.w.org\/{rel}","templated":true}]}}